{"id":754,"date":"2009-10-17T00:34:38","date_gmt":"2009-10-16T22:34:38","guid":{"rendered":"http:\/\/hoppfull.nu\/?p=754"},"modified":"2009-10-17T23:58:29","modified_gmt":"2009-10-17T21:58:29","slug":"inte-min-vecka","status":"publish","type":"post","link":"https:\/\/hoppfull.nu\/index.php\/2009\/10\/17\/inte-min-vecka\/","title":{"rendered":"Inte min vecka"},"content":{"rendered":"<p>Usch. M\u00e5r inte bra. Inte just nu och har inte gjort hela denna vecka. Kan egentligen inte s\u00e4tt fingret p\u00e5 vad det \u00e4r som jag d\u00e5ligt, eller k\u00e4nner mig deppig kanske jag ska skriva. M\u00e5nga sm\u00e5 saker som bildar ett stort o\u00f6verstigligt hinder. Och hur l\u00f6ser jag detta? Jo, som jag alltid har gjort. Jag \u00e4ter. \u00c4ter. Och \u00e4ter lite till. Chips, glass, choklad, sm\u00e5godis, vitl\u00f6ksbr\u00f6d&#8230; The list goes on and on. Och s\u00e4mre och s\u00e4mre m\u00e5r jag. Fast ut\u00e5t h\u00e5ller jag upp min fasad och ingen ser. Som vanligt. Det enda som har &#8221;m\u00e4rkts&#8221; \u00e4r att jag i onsdags var lite irriterad och stingslig, men annars har jag nog i stort varit mig sj\u00e4lv.<\/p>\n<p>Hade en dr\u00f6m i b\u00f6rjan av veckan, ingen mardr\u00f6m men \u00e4nd\u00e5 obehaglig. Dr\u00f6mde om n\u00e5got sorts sl\u00e4ktkalas, bara n\u00e4rmaste familjen tror jag, dvs syskon med familjer, far och styvmor. Min bror sitter s\u00e5 klart och h\u00e4ver ur sig pekpinnar hur jag och storasyster ska leva v\u00e5ra liv f\u00f6r att inte han ska hamna i d\u00e5lig dager (detta \u00e4r n\u00e5got han inte bara g\u00f6r i dr\u00f6mmer utan \u00e4ven i verkliga livet). Min syster och jag har b\u00e5da havererade \u00e4ktenskap bakom oss och min bror, som sj\u00e4lv aldrig gift sig men varit tillsammans med samma i \u00e5r och dar, s\u00e4ger att det \u00e4r sj\u00e4lva \u00e4ktenskapet som varit misstaget. Hade vi aldrig gift oss hade allt varit bra, menade han. Jag h\u00e4vdade att n\u00e5got s\u00e5dant ska han inte uttala sig om eftersom han inte vet ett dugg om mig och mitt liv och den enda g\u00e5ngen han faktiskt tr\u00e4ffade min exman var p\u00e5 sj\u00e4lva br\u00f6llopet (s\u00e4ger n\u00e5got om vilken bra kontakt jag har med min bror, eller hur). Jag p\u00e5pekade att det faktiskt var den ofrivilliga barnl\u00f6sheten som var boven i dramat. Och d\u00e5. En person som sitter bredvid mig s\u00e4ger: men det blev ju bebisar. Och under tiden hon s\u00e4ger det f\u00f6r\u00e4ndras hennes ansikte och det inte bara f\u00f6r\u00e4ndras det v\u00e4xer och v\u00e4xer. Samtidigt som hon upprepar om och om igen, men det blev ju bebisar, det blev ju bebisar, det blev ju bebisar. D\u00e5 vaknar jag. Det var l\u00e4nge sedan jag gr\u00e4t, men d\u00e5 kom t\u00e5rarna. Personen hon f\u00f6r\u00e4ndrades till var min mor. Eller min s\u00e5 kallade mor som jag brukar s\u00e4ga. Jag anser att hon fr\u00e5nsa sig titeln &#8221;mor\/mamma&#8221; den dag hon kastade ut mig och sa att hon aldrig ville se mig mer&#8230;<\/p>\n<p>S\u00e5 veckan b\u00f6rjade med denna underbara dr\u00f6m. Jippi liksom. Sen \u00e4r det mina j\u00e4kla hormoner som kr\u00e5nglar och jag blir bara s\u00e5 tr\u00f6tt, \u00e4r el\u00e4ndet p\u00e5 g\u00e5ng eller \u00e4r det inte. Ena dagen bl\u00f6der jag, andra dagen g\u00f6r jag det inte. Och snart kommer v\u00e4l st\u00f6rtbl\u00f6dningarna ig\u00e5ng ocks\u00e5. F\u00f6r hur m\u00e5nga veckor d\u00e5? N\u00e4, jag orkar inte! &#8221;Have a happy period&#8221;, som de s\u00e4ger i Alwaysreklamen. &#8221;Bara kroppens s\u00e4tt att visa att den fungerar som den ska&#8221;. Ha, snarare motsatsen. Du fungerar inte som du ska, du kan inte f\u00e5 barn, du \u00e4r v\u00e4rdel\u00f6s, du \u00e4r INGET att ha. Varje g\u00e5ng el\u00e4ndet s\u00e4tter ig\u00e5ng p\u00e5minner det mig om att jag inte fungerar, att jag aldrig kan f\u00e5 barn. Och nej, det kommer inte att helt pl\u00f6tsligt att fungera bara f\u00f6r att jag tr\u00e4ffar n\u00e5gon annan, en kommentar jag ofta f\u00e5r. Det var\/\u00e4r MIG det \u00e4r fel p\u00e5, det \u00e4r jag som knappt inte har n\u00e5gon fungerande \u00e4gglossning, det var\/\u00e4r jag som har hormoner som \u00e4r helt fucked up. Men, s\u00e4ger d\u00e5 n\u00e5gon d\u00e5, du blev ju gravid, spontant dessutom. Jo, visst. Och hur slutade det? Missfall. \u00c4ven det ett tecken p\u00e5 att jag \u00e4r v\u00e4rdel\u00f6s, inget att ha. Mitt lilla pyre som n\u00e4r jag testade positivt best\u00e4mde sig f\u00f6r att jag inte skulle bli mamma, att missarnas fd husse inte skulle bli pappa. Mitt lilla pyre som n\u00e4r jag\/vi var p\u00e5 inskrivning, och n\u00e4r VUL:et gjordes, redan hade varit d\u00f6tt i flera veckor, men min kropp f\u00f6rstod inte det. <\/p>\n<p>S\u00e5 jo, jag blev gravid spontant. Men kommer jag bli det igen? Troligtvis inte. Man kan liksom inte bli gravid om man inte \u00e4gglossar&#8230; Skitkropp.<\/p>\n<p>Det \u00e4r en skitvecka helt enkelt. Det enda positiva \u00e4r att jag har ett jobb som jag trivs s\u00e5 otroligt bra med. Och trots att det \u00e4r uppr\u00f6rda r\u00f6ster d\u00e4r och m\u00e5nga som slutar, s\u00e5 tycker jag om att g\u00e5 dit, jag tycker om mina underbara arbetskamrater. <\/p>\n<p>Inte bara barnl\u00f6sheten \u00e4r n\u00e4ra, utan \u00e4ven ensamheten. K\u00e4nner mig ensam.<\/p>\n<p>Och nej, jag skriver inte detta f\u00f6r att f\u00e5 h\u00f6ra att jag inte \u00e4r v\u00e4rdel\u00f6s, f\u00f6r det vet jag egentligen att jag inte \u00e4r. Men ibland k\u00e4nns det bara s\u00e5 i alla fall&#8230;<\/p>\n<div class=\"sharedaddy sd-sharing-enabled\"><div class=\"robots-nocontent sd-block sd-social sd-social-icon sd-sharing\"><h3 class=\"sd-title\">Dela:<\/h3><div class=\"sd-content\"><ul><li class=\"share-twitter\"><a rel=\"nofollow noopener noreferrer\" data-shared=\"sharing-twitter-754\" class=\"share-twitter sd-button share-icon no-text\" href=\"https:\/\/hoppfull.nu\/index.php\/2009\/10\/17\/inte-min-vecka\/?share=twitter\" target=\"_blank\" title=\"Klicka f\u00f6r att dela p\u00e5 Twitter\"><span><\/span><span class=\"sharing-screen-reader-text\">Klicka f\u00f6r att dela p\u00e5 Twitter (\u00d6ppnas i ett nytt f\u00f6nster)<\/span><\/a><\/li><li class=\"share-print\"><a rel=\"nofollow noopener noreferrer\" data-shared=\"\" class=\"share-print sd-button share-icon no-text\" href=\"https:\/\/hoppfull.nu\/index.php\/2009\/10\/17\/inte-min-vecka\/\" target=\"_blank\" title=\"Klicka f\u00f6r utskrift\"><span><\/span><span class=\"sharing-screen-reader-text\">Klicka f\u00f6r utskrift (\u00d6ppnas i ett nytt f\u00f6nster)<\/span><\/a><\/li><li class=\"share-pinterest\"><a rel=\"nofollow noopener noreferrer\" data-shared=\"sharing-pinterest-754\" class=\"share-pinterest sd-button share-icon no-text\" href=\"https:\/\/hoppfull.nu\/index.php\/2009\/10\/17\/inte-min-vecka\/?share=pinterest\" target=\"_blank\" title=\"Klicka f\u00f6r att dela till Pinterest\"><span><\/span><span class=\"sharing-screen-reader-text\">Klicka f\u00f6r att dela till Pinterest (\u00d6ppnas i ett nytt f\u00f6nster)<\/span><\/a><\/li><li class=\"share-end\"><\/li><\/ul><\/div><\/div><\/div>","protected":false},"excerpt":{"rendered":"<p class=\"excerpt\">Usch. M\u00e5r inte bra. Inte just nu och har inte gjort hela denna vecka. Kan egentligen inte s\u00e4tt fingret p\u00e5 vad det \u00e4r som jag d\u00e5ligt, eller k\u00e4nner mig deppig kanske jag ska skriva. M\u00e5nga sm\u00e5 saker som bildar ett stort o\u00f6verstigligt hinder. Och hur l\u00f6ser jag detta? Jo, som jag alltid har gjort. Jag \u00e4ter. \u00c4ter. Och \u00e4ter lite&hellip; <a href=\"https:\/\/hoppfull.nu\/index.php\/2009\/10\/17\/inte-min-vecka\/\">Read more &rarr;<\/a><\/p>\n<div class=\"sharedaddy sd-sharing-enabled\"><div class=\"robots-nocontent sd-block sd-social sd-social-icon sd-sharing\"><h3 class=\"sd-title\">Dela:<\/h3><div class=\"sd-content\"><ul><li class=\"share-twitter\"><a rel=\"nofollow noopener noreferrer\" data-shared=\"sharing-twitter-754\" class=\"share-twitter sd-button share-icon no-text\" href=\"https:\/\/hoppfull.nu\/index.php\/2009\/10\/17\/inte-min-vecka\/?share=twitter\" target=\"_blank\" title=\"Klicka f\u00f6r att dela p\u00e5 Twitter\"><span><\/span><span class=\"sharing-screen-reader-text\">Klicka f\u00f6r att dela p\u00e5 Twitter (\u00d6ppnas i ett nytt f\u00f6nster)<\/span><\/a><\/li><li class=\"share-print\"><a rel=\"nofollow noopener noreferrer\" data-shared=\"\" class=\"share-print sd-button share-icon no-text\" href=\"https:\/\/hoppfull.nu\/index.php\/2009\/10\/17\/inte-min-vecka\/\" target=\"_blank\" title=\"Klicka f\u00f6r utskrift\"><span><\/span><span class=\"sharing-screen-reader-text\">Klicka f\u00f6r utskrift (\u00d6ppnas i ett nytt f\u00f6nster)<\/span><\/a><\/li><li class=\"share-pinterest\"><a rel=\"nofollow noopener noreferrer\" data-shared=\"sharing-pinterest-754\" class=\"share-pinterest sd-button share-icon no-text\" href=\"https:\/\/hoppfull.nu\/index.php\/2009\/10\/17\/inte-min-vecka\/?share=pinterest\" target=\"_blank\" title=\"Klicka f\u00f6r att dela till Pinterest\"><span><\/span><span class=\"sharing-screen-reader-text\">Klicka f\u00f6r att dela till Pinterest (\u00d6ppnas i ett nytt f\u00f6nster)<\/span><\/a><\/li><li class=\"share-end\"><\/li><\/ul><\/div><\/div><\/div>","protected":false},"author":1,"featured_media":0,"comment_status":"open","ping_status":"open","sticky":false,"template":"","format":"standard","meta":{"spay_email":"","jetpack_publicize_message":"","jetpack_is_tweetstorm":false},"categories":[8,1],"tags":[25,68,59,27,38,15,109,26],"jetpack_featured_media_url":"","jetpack_publicize_connections":[],"jetpack_sharing_enabled":true,"jetpack_shortlink":"https:\/\/wp.me\/p23rAr-ca","jetpack-related-posts":[{"id":4643,"url":"https:\/\/hoppfull.nu\/index.php\/2017\/03\/01\/ur-form-till-i-form-varfor-ska-det-vara-sa-svart\/","url_meta":{"origin":754,"position":0},"title":"Ur form till i form, varf\u00f6r ska det vara s\u00e5 sv\u00e5rt?","date":"01 mars 2017, 21:08","format":false,"excerpt":"Jag \u00e4r d\u00e4r igen. Ur form. Jag \u00e4r s\u00e5 tr\u00f6tt p\u00e5 att skriva det igen. Ur form. Otr\u00e4nad. \u00d6verviktig. Jag f\u00f6rst\u00e5r inte varf\u00f6r jag g\u00f6r detta mot mig sj\u00e4lv om och om igen. Varf\u00f6r slutar jag tr\u00e4na n\u00e4r jag vet att jag m\u00e5r b\u00e4ttre n\u00e4r jag g\u00f6r det. Varf\u00f6r \u00e4ter\u2026","rel":"","context":"I &quot;om tr\u00e4ningen&quot;","img":{"alt_text":"","src":"","width":0,"height":0},"classes":[]},{"id":1158,"url":"https:\/\/hoppfull.nu\/index.php\/2010\/08\/18\/forstor-for-mig-sjalv\/","url_meta":{"origin":754,"position":1},"title":"F\u00f6rst\u00f6r f\u00f6r mig sj\u00e4lv","date":"18 augusti 2010, 01:37","format":false,"excerpt":"Efter att ha m\u00e5tt bra en vecka eller mer kom bakslaget nu p\u00e5 kv\u00e4llen. Allt och ingenting gjorde att jag \u00e5ter igen f\u00f6ll tillbaka i gamla vanor, eller en gammal vana - den att f\u00f6rst\u00f6ra f\u00f6r sig sj\u00e4lv. Som att straffa mig sj\u00e4lv, f\u00f6r att bevisa f\u00f6r mig sj\u00e4lv att\u2026","rel":"","context":"I &quot;om vardagen&quot;","img":{"alt_text":"","src":"","width":0,"height":0},"classes":[]},{"id":156,"url":"https:\/\/hoppfull.nu\/index.php\/2009\/04\/12\/tarar-som-rinner\/","url_meta":{"origin":754,"position":2},"title":"T\u00e5rar som rinner...","date":"12 april 2009, 23:57","format":false,"excerpt":"...och ett hj\u00e4rta som g\u00f6r ont. Det var inte meningen att det skulle vara s\u00e5 h\u00e4r, det var meningen att jag skulle m\u00e5 bra detta \u00e5r. Och jag har ju verkligen m\u00e5tt bra, b\u00e4ttre \u00e4n n\u00e5gonsin, n\u00e5got jag gjorde redan innan jag tr\u00e4ffade han som nu f\u00e5r mina t\u00e5rar att\u2026","rel":"","context":"I &quot;om vardagen&quot;","img":{"alt_text":"","src":"","width":0,"height":0},"classes":[]},{"id":71,"url":"https:\/\/hoppfull.nu\/index.php\/2009\/03\/27\/fredagspladder\/","url_meta":{"origin":754,"position":3},"title":"Fredagspladder","date":"27 mars 2009, 22:14","format":false,"excerpt":"Sitter i soffan och sl\u00f6tittar lite p\u00e5 Let's Dance, blir lite sugen p\u00e5 att l\u00e4ra mig dansa. Om inte annat s\u00e5 \u00e4r det bra tr\u00e4ning och det ser ganska kul ut. Fast jag saknar Morgan Alling i finalen, han \u00e4r bara b\u00e4st! P\u00e5 tal om tr\u00e4ning s\u00e5 var jag p\u00e5\u2026","rel":"","context":"I &quot;om tr\u00e4ningen&quot;","img":{"alt_text":"","src":"","width":0,"height":0},"classes":[]},{"id":3029,"url":"https:\/\/hoppfull.nu\/index.php\/2013\/08\/04\/fran-hyfsad-till-dalig\/","url_meta":{"origin":754,"position":4},"title":"Fr\u00e5n hyfsad till d\u00e5lig","date":"04 augusti 2013, 00:03","format":false,"excerpt":"En dag som inleds med att man g\u00e5r upp 6:30 efter endast fyra timmars s\u00f6mn kan knappast kallas bra. Jag skulle ut och springa innan det blev f\u00f6r varmt, och rundan gick bra f\u00f6rutom att jag snubblade och skrapade upp kn\u00e4 och h\u00e4nder. Och trots att jag f\u00f6rb\u00e4ttrade min tid\u2026","rel":"","context":"I &quot;om vardagen&quot;","img":{"alt_text":"","src":"","width":0,"height":0},"classes":[]},{"id":2792,"url":"https:\/\/hoppfull.nu\/index.php\/2013\/03\/30\/jag-orkar-inte-ha-det-sa-har\/","url_meta":{"origin":754,"position":5},"title":"Jag orkar inte ha det s\u00e5 h\u00e4r!","date":"30 mars 2013, 14:16","format":false,"excerpt":"Jag pratar om el\u00e4ndet, jag orkar verkligen inte ha det s\u00e5 h\u00e4r l\u00e4ngre! Idag \u00e4r dag 20 och d\u00e5 tycker min kropp att det kanske \u00e4r dags att b\u00f6rja bl\u00f6da lite mer. Jag. Orkar. Inte. Mer. Har de senaste dagarna best\u00e4mt mig f\u00f6r att nu ska den el\u00e4ndiga plastbiten i\u2026","rel":"","context":"I &quot;om barnl\u00f6sheten&quot;","img":{"alt_text":"","src":"","width":0,"height":0},"classes":[]}],"jetpack_likes_enabled":true,"_links":{"self":[{"href":"https:\/\/hoppfull.nu\/index.php\/wp-json\/wp\/v2\/posts\/754"}],"collection":[{"href":"https:\/\/hoppfull.nu\/index.php\/wp-json\/wp\/v2\/posts"}],"about":[{"href":"https:\/\/hoppfull.nu\/index.php\/wp-json\/wp\/v2\/types\/post"}],"author":[{"embeddable":true,"href":"https:\/\/hoppfull.nu\/index.php\/wp-json\/wp\/v2\/users\/1"}],"replies":[{"embeddable":true,"href":"https:\/\/hoppfull.nu\/index.php\/wp-json\/wp\/v2\/comments?post=754"}],"version-history":[{"count":3,"href":"https:\/\/hoppfull.nu\/index.php\/wp-json\/wp\/v2\/posts\/754\/revisions"}],"predecessor-version":[{"id":756,"href":"https:\/\/hoppfull.nu\/index.php\/wp-json\/wp\/v2\/posts\/754\/revisions\/756"}],"wp:attachment":[{"href":"https:\/\/hoppfull.nu\/index.php\/wp-json\/wp\/v2\/media?parent=754"}],"wp:term":[{"taxonomy":"category","embeddable":true,"href":"https:\/\/hoppfull.nu\/index.php\/wp-json\/wp\/v2\/categories?post=754"},{"taxonomy":"post_tag","embeddable":true,"href":"https:\/\/hoppfull.nu\/index.php\/wp-json\/wp\/v2\/tags?post=754"}],"curies":[{"name":"wp","href":"https:\/\/api.w.org\/{rel}","templated":true}]}}