{"id":4650,"date":"2017-03-02T13:57:55","date_gmt":"2017-03-02T12:57:55","guid":{"rendered":"http:\/\/hoppfull.nu\/?p=4650"},"modified":"2017-03-02T13:57:55","modified_gmt":"2017-03-02T12:57:55","slug":"stralande-sol-och-stafett-pa-tv","status":"publish","type":"post","link":"https:\/\/hoppfull.nu\/index.php\/2017\/03\/02\/stralande-sol-och-stafett-pa-tv\/","title":{"rendered":"Str\u00e5lande sol och stafett p\u00e5 tv"},"content":{"rendered":"<p>Plusgrader ute och solen str\u00e5lar p\u00e5 sn\u00f6n, vad g\u00f6r jag d\u00e5? S\u00e5 klart sitter jag inne och v\u00e4ntar p\u00e5 att damstafetten ska komma ig\u00e5ng p\u00e5 tv. Det \u00e4r ju VM trots allt.<\/p>\n<p>Plusgraderna ute \u00e4r dock inte s\u00e5 bra, det \u00e4r Vasaloppsvecka och det skulle ju vara b\u00e4ttre f\u00f6r sn\u00f6n om det var kallare. F\u00f6r mig blev det bara ett lopp i \u00e5r, Tjejvasan i l\u00f6rdags, och d\u00e5 var det perfekta f\u00f6rh\u00e5llanden. Kanske lite f\u00f6r varmt i b\u00f6rjan men h\u00e5rda och fina sp\u00e5r, bra skidor hade jag ocks\u00e5. Det skulle egentligen blivit en till m\u00e5lg\u00e5ng f\u00f6r mig, i Stafettvasan, men eftersom jag haft feber och halsont i veckan s\u00e5 blir det inte s\u00e5. Tr\u00e5kigt, men samtidigt sk\u00f6nt eftersom jag inte \u00e4r i s\u00e4rskilt bra form. Nu f\u00e5r jag ist\u00e4llet vara nere p\u00e5 byn och se v\u00e5ra tv\u00e5 lag g\u00e5 i m\u00e5l, kan vara kul det ocks\u00e5.<\/p>\n<p>Men nu, snart dags f\u00f6r start i VM-stafetten och lite lunch!<\/p>\n<p><small>\u203a\u203a 2\/100 #blogg100<\/small><\/p>\n<div class=\"sharedaddy sd-sharing-enabled\"><div class=\"robots-nocontent sd-block sd-social sd-social-icon sd-sharing\"><h3 class=\"sd-title\">Dela:<\/h3><div class=\"sd-content\"><ul><li class=\"share-twitter\"><a rel=\"nofollow noopener noreferrer\" data-shared=\"sharing-twitter-4650\" class=\"share-twitter sd-button share-icon no-text\" href=\"https:\/\/hoppfull.nu\/index.php\/2017\/03\/02\/stralande-sol-och-stafett-pa-tv\/?share=twitter\" target=\"_blank\" title=\"Klicka f\u00f6r att dela p\u00e5 Twitter\"><span><\/span><span class=\"sharing-screen-reader-text\">Klicka f\u00f6r att dela p\u00e5 Twitter (\u00d6ppnas i ett nytt f\u00f6nster)<\/span><\/a><\/li><li class=\"share-print\"><a rel=\"nofollow noopener noreferrer\" data-shared=\"\" class=\"share-print sd-button share-icon no-text\" href=\"https:\/\/hoppfull.nu\/index.php\/2017\/03\/02\/stralande-sol-och-stafett-pa-tv\/\" target=\"_blank\" title=\"Klicka f\u00f6r utskrift\"><span><\/span><span class=\"sharing-screen-reader-text\">Klicka f\u00f6r utskrift (\u00d6ppnas i ett nytt f\u00f6nster)<\/span><\/a><\/li><li class=\"share-pinterest\"><a rel=\"nofollow noopener noreferrer\" data-shared=\"sharing-pinterest-4650\" class=\"share-pinterest sd-button share-icon no-text\" href=\"https:\/\/hoppfull.nu\/index.php\/2017\/03\/02\/stralande-sol-och-stafett-pa-tv\/?share=pinterest\" target=\"_blank\" title=\"Klicka f\u00f6r att dela till Pinterest\"><span><\/span><span class=\"sharing-screen-reader-text\">Klicka f\u00f6r att dela till Pinterest (\u00d6ppnas i ett nytt f\u00f6nster)<\/span><\/a><\/li><li class=\"share-end\"><\/li><\/ul><\/div><\/div><\/div>","protected":false},"excerpt":{"rendered":"<p class=\"excerpt\">Plusgrader ute och solen str\u00e5lar p\u00e5 sn\u00f6n, vad g\u00f6r jag d\u00e5? S\u00e5 klart sitter jag inne och v\u00e4ntar p\u00e5 att damstafetten ska komma ig\u00e5ng p\u00e5 tv. Det \u00e4r ju VM trots allt. Plusgraderna ute \u00e4r dock inte s\u00e5 bra, det \u00e4r Vasaloppsvecka och det skulle ju vara b\u00e4ttre f\u00f6r sn\u00f6n om det var kallare. F\u00f6r mig blev det bara ett&hellip; <a href=\"https:\/\/hoppfull.nu\/index.php\/2017\/03\/02\/stralande-sol-och-stafett-pa-tv\/\">Read more &rarr;<\/a><\/p>\n<div class=\"sharedaddy sd-sharing-enabled\"><div class=\"robots-nocontent sd-block sd-social sd-social-icon sd-sharing\"><h3 class=\"sd-title\">Dela:<\/h3><div class=\"sd-content\"><ul><li class=\"share-twitter\"><a rel=\"nofollow noopener noreferrer\" data-shared=\"sharing-twitter-4650\" class=\"share-twitter sd-button share-icon no-text\" href=\"https:\/\/hoppfull.nu\/index.php\/2017\/03\/02\/stralande-sol-och-stafett-pa-tv\/?share=twitter\" target=\"_blank\" title=\"Klicka f\u00f6r att dela p\u00e5 Twitter\"><span><\/span><span class=\"sharing-screen-reader-text\">Klicka f\u00f6r att dela p\u00e5 Twitter (\u00d6ppnas i ett nytt f\u00f6nster)<\/span><\/a><\/li><li class=\"share-print\"><a rel=\"nofollow noopener noreferrer\" data-shared=\"\" class=\"share-print sd-button share-icon no-text\" href=\"https:\/\/hoppfull.nu\/index.php\/2017\/03\/02\/stralande-sol-och-stafett-pa-tv\/\" target=\"_blank\" title=\"Klicka f\u00f6r utskrift\"><span><\/span><span class=\"sharing-screen-reader-text\">Klicka f\u00f6r utskrift (\u00d6ppnas i ett nytt f\u00f6nster)<\/span><\/a><\/li><li class=\"share-pinterest\"><a rel=\"nofollow noopener noreferrer\" data-shared=\"sharing-pinterest-4650\" class=\"share-pinterest sd-button share-icon no-text\" href=\"https:\/\/hoppfull.nu\/index.php\/2017\/03\/02\/stralande-sol-och-stafett-pa-tv\/?share=pinterest\" target=\"_blank\" title=\"Klicka f\u00f6r att dela till Pinterest\"><span><\/span><span class=\"sharing-screen-reader-text\">Klicka f\u00f6r att dela till Pinterest (\u00d6ppnas i ett nytt f\u00f6nster)<\/span><\/a><\/li><li class=\"share-end\"><\/li><\/ul><\/div><\/div><\/div>","protected":false},"author":1,"featured_media":0,"comment_status":"open","ping_status":"open","sticky":false,"template":"","format":"standard","meta":{"spay_email":"","jetpack_publicize_message":"Str\u00e5lande sol och stafett p\u00e5 tv #blogg100","jetpack_is_tweetstorm":false},"categories":[445],"tags":[359,641,562,640],"jetpack_featured_media_url":"","jetpack_publicize_connections":[],"jetpack_sharing_enabled":true,"jetpack_shortlink":"https:\/\/wp.me\/p23rAr-1d0","jetpack-related-posts":[{"id":3766,"url":"https:\/\/hoppfull.nu\/index.php\/2015\/04\/06\/18-kilometer\/","url_meta":{"origin":4650,"position":0},"title":"18 kilometer eller kan man hitta en perfekt runda","date":"06 april 2015, 21:28","format":false,"excerpt":"Ig\u00e5r var det \u00e5ter dags f\u00f6r ett l\u00e5ngpass och de b\u00f6rjar bli riktigt l\u00e5nga f\u00f6r mig som innan jag b\u00f6rjade detta projekt hade sprungit tio kilometer\u00a0som l\u00e4ngst. Vecka 18 p\u00e5 mitt program skulle avslutas med ett pass p\u00e5 just 18 kilometer. Eftersom jag \u00e4r relativt nyinflyttad s\u00e5 tycker jag fortfarande\u2026","rel":"","context":"I &quot;om tr\u00e4ningen&quot;","img":{"alt_text":"Yes, 18 km!","src":"https:\/\/i0.wp.com\/hoppfull.nu\/wp-content\/uploads\/2015\/04\/IMG_7671-600x600.jpg?resize=350%2C200","width":350,"height":200},"classes":[]},{"id":3373,"url":"https:\/\/hoppfull.nu\/index.php\/2014\/04\/13\/premiartur-avklarad\/","url_meta":{"origin":4650,"position":1},"title":"Premi\u00e4rtur avklarad!","date":"13 april 2014, 22:41","format":false,"excerpt":"Jag hade faktiskt st\u00e4llt klockan f\u00f6r att jag skulle komma ut p\u00e5 f\u00f6rmiddagen idag, och det \u00e4r r\u00e4tt otroligt eftersom jag \u00e4r extremt ovillig till att g\u00e5 upp tidigt om jag inte beh\u00f6ver. (Ok, annars ocks\u00e5.) Men nu gjorde jag det i alla fall, mycket p\u00e5 grund av att jag\u2026","rel":"","context":"I &quot;om cyklingen&quot;","img":{"alt_text":"Fr\u00c3\u00b6ken Fluff och P\u00c3\u00a4rlan. :)","src":"https:\/\/i1.wp.com\/hoppfull.nu\/wp-content\/uploads\/2014\/04\/1a.jpg?resize=350%2C200","width":350,"height":200},"classes":[]},{"id":543,"url":"https:\/\/hoppfull.nu\/index.php\/2009\/07\/29\/om-allt-och-inget\/","url_meta":{"origin":4650,"position":2},"title":"Om allt och inget","date":"29 juli 2009, 01:19","format":false,"excerpt":"Vaknade i morse av att Saga satt p\u00e5 min mage och gostrampade, n\u00e5got matte inte blev s\u00e5 glad av eftersom det var en timme innan klockan skulle ringa. Puttade ner henne fr\u00e5n magen och hon s\u00e4tter sig och stirrar p\u00e5 mig i st\u00e4llet. Kunde jag somna om, sj\u00e4lvklart inte. Var\u2026","rel":"","context":"I &quot;om barnl\u00f6sheten&quot;","img":{"alt_text":"","src":"","width":0,"height":0},"classes":[]},{"id":3653,"url":"https:\/\/hoppfull.nu\/index.php\/2015\/03\/02\/tjejvasan-2015\/","url_meta":{"origin":4650,"position":3},"title":"Tjejvasan 2015","date":"02 mars 2015, 23:57","format":false,"excerpt":"Ja, vad ska man egentligen s\u00e4ga om detta lopp? Jobbarkompisar har fr\u00e5gat mig idag hur det gick och mitt svar har f\u00f6r det mesta varit att jag kom i m\u00e5l. Men det var ju mer \u00e4n s\u00e5 men jag har inte orkat pratat s\u00e5 mycket om det idag, mest f\u00f6r\u2026","rel":"","context":"I &quot;om l\u00e4ngskid\u00e5kningen&quot;","img":{"alt_text":"","src":"","width":0,"height":0},"classes":[]},{"id":3787,"url":"https:\/\/hoppfull.nu\/index.php\/2015\/04\/12\/ytterligare-ett-langpass-avklarat\/","url_meta":{"origin":4650,"position":4},"title":"Ytterligare ett l\u00e5ngpass avklarat","date":"12 april 2015, 22:58","format":false,"excerpt":"Nej d\u00e5, regnet \u00f6ste inte ner under dagens pass, men visst kom det lite regn. Och hagel. F\u00f6r att inte tala om motvinden i stormstyrka. D\u00e4r emellan s\u00e5 sken dock solen st\u00f6rre delen av tiden och det var n\u00e4stan lite f\u00f6r varmt. Jag f\u00f6redrar att det \u00e4r lite kallare n\u00e4r\u2026","rel":"","context":"I &quot;om l\u00f6pningen&quot;","img":{"alt_text":"","src":"","width":0,"height":0},"classes":[]},{"id":4529,"url":"https:\/\/hoppfull.nu\/index.php\/2016\/08\/24\/race-report-vasastafetten-2016\/","url_meta":{"origin":4650,"position":5},"title":"Race report: Vasastafetten 2016","date":"24 augusti 2016, 20:08","format":false,"excerpt":"Ligger hj\u00e4lpl\u00f6st efter n\u00e4r det kommer till lopprapporter s\u00e5 det \u00e4r kanske dags att b\u00f6rja beta av dem. B\u00f6rjar bakifr\u00e5n, det vill s\u00e4ga med de senaste loppet i skaran och sparar \u00d6ppet sp\u00e5r till sist. S\u00e5 f\u00f6rst ut blir Vasastafetten som gick av stapeln i helgen som var. F\u00f6r andra\u2026","rel":"","context":"I &quot;om l\u00f6pningen&quot;","img":{"alt_text":"vasastafetten2016","src":"https:\/\/i2.wp.com\/hoppfull.nu\/wp-content\/uploads\/2016\/08\/vasastafetten2016-600x400.jpg?resize=350%2C200","width":350,"height":200},"classes":[]}],"jetpack_likes_enabled":true,"_links":{"self":[{"href":"https:\/\/hoppfull.nu\/index.php\/wp-json\/wp\/v2\/posts\/4650"}],"collection":[{"href":"https:\/\/hoppfull.nu\/index.php\/wp-json\/wp\/v2\/posts"}],"about":[{"href":"https:\/\/hoppfull.nu\/index.php\/wp-json\/wp\/v2\/types\/post"}],"author":[{"embeddable":true,"href":"https:\/\/hoppfull.nu\/index.php\/wp-json\/wp\/v2\/users\/1"}],"replies":[{"embeddable":true,"href":"https:\/\/hoppfull.nu\/index.php\/wp-json\/wp\/v2\/comments?post=4650"}],"version-history":[{"count":1,"href":"https:\/\/hoppfull.nu\/index.php\/wp-json\/wp\/v2\/posts\/4650\/revisions"}],"predecessor-version":[{"id":4651,"href":"https:\/\/hoppfull.nu\/index.php\/wp-json\/wp\/v2\/posts\/4650\/revisions\/4651"}],"wp:attachment":[{"href":"https:\/\/hoppfull.nu\/index.php\/wp-json\/wp\/v2\/media?parent=4650"}],"wp:term":[{"taxonomy":"category","embeddable":true,"href":"https:\/\/hoppfull.nu\/index.php\/wp-json\/wp\/v2\/categories?post=4650"},{"taxonomy":"post_tag","embeddable":true,"href":"https:\/\/hoppfull.nu\/index.php\/wp-json\/wp\/v2\/tags?post=4650"}],"curies":[{"name":"wp","href":"https:\/\/api.w.org\/{rel}","templated":true}]}}