{"id":459,"date":"2009-07-11T00:47:43","date_gmt":"2009-07-10T22:47:43","guid":{"rendered":"http:\/\/hoppfull.nu\/?p=459"},"modified":"2009-07-11T00:47:43","modified_gmt":"2009-07-10T22:47:43","slug":"dag-3-anvand-din-kreativitet","status":"publish","type":"post","link":"https:\/\/hoppfull.nu\/index.php\/2009\/07\/11\/dag-3-anvand-din-kreativitet\/","title":{"rendered":"Dag 3 &#8211; Anv\u00e4nd din kreativitet"},"content":{"rendered":"<blockquote><p>Vi kan l\u00e4ttare f\u00f6rst\u00e5 v\u00e5ra tankar om vi l\u00e5ter dem komma till uttryck genom att skriva eller m\u00e5la.<\/p><\/blockquote>\n<p>Idag ska du rita en bild och skriva en dikt om vad som r\u00f6r sig i dina tankar, en framst\u00e4llning av det som p\u00e5g\u00e5r h\u00e4r och nu.<\/p>\n<p>Jaha ja, nu b\u00f6rjar det bli lite kr\u00e5ngligt tycker jag. Rita? Det har jag inte gjort p\u00e5 \u00e5r och dar, vet inte ens om jag har n\u00e5gra pennor. Fast det hade jag ju, s\u00e5 jag f\u00f6rs\u00f6kte rita n\u00e5got men det blev mest en massa kludd. \u00c4r det kludd som p\u00e5g\u00e5r i mitt inre? En av &#8221;teckningarna&#8221; var ett stort fr\u00e5getecken i m\u00e5nga f\u00e4rger, f\u00f6r att symbolisera ovissheten jag k\u00e4nner. Och s\u00e5 var det diktandet d\u00e5, och visst, det beh\u00f6vde inte vara n\u00e5gra litter\u00e4ra m\u00e4sterverk men jag k\u00e4nner \u00e4nd\u00e5 att jag beh\u00e5ller dem f\u00f6r mig sj\u00e4lv i min &#8221;vanliga&#8221; dagbok som f\u00e5tt komma fram igen.<\/p>\n<p>Mitt liv g\u00e5r mycket upp och ner nu, ena dagen bra, den andra d\u00e5lig. Ena dagen fylld med klarhet, den andra med ovisshet. Just nu vet jag inte var livet \u00e4r p\u00e5 v\u00e4g, vissa dagar tror jag mig veta men sen sl\u00e5r det mig att jag faktiskt inte vet. Jag har inte s\u00e5 m\u00e5nga planer just nu, mitt liv g\u00e5r ut p\u00e5 jobba-\u00e4ta-sova och det \u00e4r visserligen inte s\u00e5 jag vill ha det men det \u00e4r s\u00e5 det \u00e4r. Visst, man kan s\u00e4ga att min fokus p\u00e5 mig sj\u00e4lv detta \u00e5r \u00e4r en plan, en plan f\u00f6r att m\u00e5 b\u00e4ttre. Och t\u00e4nker jag efter s\u00e5 planerar jag ju f\u00f6r att komma h\u00e4rifr\u00e5n, det vill s\u00e4ga flytta till ett omr\u00e5de d\u00e4r jag verkligen vill bo &#8211; det \u00e4r ju en plan \u00e4ven det.<\/p>\n<p>Slutsats? Att anv\u00e4nda min kreativitet var inte l\u00e4tt, hade l\u00e4ttare f\u00f6r det n\u00e4r jag var yngre men har tappat bort det n\u00e5gonstans p\u00e5 v\u00e4gen.<\/p>\n<div class=\"sharedaddy sd-sharing-enabled\"><div class=\"robots-nocontent sd-block sd-social sd-social-icon sd-sharing\"><h3 class=\"sd-title\">Dela:<\/h3><div class=\"sd-content\"><ul><li class=\"share-twitter\"><a rel=\"nofollow noopener noreferrer\" data-shared=\"sharing-twitter-459\" class=\"share-twitter sd-button share-icon no-text\" href=\"https:\/\/hoppfull.nu\/index.php\/2009\/07\/11\/dag-3-anvand-din-kreativitet\/?share=twitter\" target=\"_blank\" title=\"Klicka f\u00f6r att dela p\u00e5 Twitter\"><span><\/span><span class=\"sharing-screen-reader-text\">Klicka f\u00f6r att dela p\u00e5 Twitter (\u00d6ppnas i ett nytt f\u00f6nster)<\/span><\/a><\/li><li class=\"share-print\"><a rel=\"nofollow noopener noreferrer\" data-shared=\"\" class=\"share-print sd-button share-icon no-text\" href=\"https:\/\/hoppfull.nu\/index.php\/2009\/07\/11\/dag-3-anvand-din-kreativitet\/\" target=\"_blank\" title=\"Klicka f\u00f6r utskrift\"><span><\/span><span class=\"sharing-screen-reader-text\">Klicka f\u00f6r utskrift (\u00d6ppnas i ett nytt f\u00f6nster)<\/span><\/a><\/li><li class=\"share-pinterest\"><a rel=\"nofollow noopener noreferrer\" data-shared=\"sharing-pinterest-459\" class=\"share-pinterest sd-button share-icon no-text\" href=\"https:\/\/hoppfull.nu\/index.php\/2009\/07\/11\/dag-3-anvand-din-kreativitet\/?share=pinterest\" target=\"_blank\" title=\"Klicka f\u00f6r att dela till Pinterest\"><span><\/span><span class=\"sharing-screen-reader-text\">Klicka f\u00f6r att dela till Pinterest (\u00d6ppnas i ett nytt f\u00f6nster)<\/span><\/a><\/li><li class=\"share-end\"><\/li><\/ul><\/div><\/div><\/div>","protected":false},"excerpt":{"rendered":"<p class=\"excerpt\">Vi kan l\u00e4ttare f\u00f6rst\u00e5 v\u00e5ra tankar om vi l\u00e5ter dem komma till uttryck genom att skriva eller m\u00e5la. Idag ska du rita en bild och skriva en dikt om vad som r\u00f6r sig i dina tankar, en framst\u00e4llning av det som p\u00e5g\u00e5r h\u00e4r och nu. Jaha ja, nu b\u00f6rjar det bli lite kr\u00e5ngligt tycker jag. Rita? Det har jag inte&hellip; <a href=\"https:\/\/hoppfull.nu\/index.php\/2009\/07\/11\/dag-3-anvand-din-kreativitet\/\">Read more &rarr;<\/a><\/p>\n<div class=\"sharedaddy sd-sharing-enabled\"><div class=\"robots-nocontent sd-block sd-social sd-social-icon sd-sharing\"><h3 class=\"sd-title\">Dela:<\/h3><div class=\"sd-content\"><ul><li class=\"share-twitter\"><a rel=\"nofollow noopener noreferrer\" data-shared=\"sharing-twitter-459\" class=\"share-twitter sd-button share-icon no-text\" href=\"https:\/\/hoppfull.nu\/index.php\/2009\/07\/11\/dag-3-anvand-din-kreativitet\/?share=twitter\" target=\"_blank\" title=\"Klicka f\u00f6r att dela p\u00e5 Twitter\"><span><\/span><span class=\"sharing-screen-reader-text\">Klicka f\u00f6r att dela p\u00e5 Twitter (\u00d6ppnas i ett nytt f\u00f6nster)<\/span><\/a><\/li><li class=\"share-print\"><a rel=\"nofollow noopener noreferrer\" data-shared=\"\" class=\"share-print sd-button share-icon no-text\" href=\"https:\/\/hoppfull.nu\/index.php\/2009\/07\/11\/dag-3-anvand-din-kreativitet\/\" target=\"_blank\" title=\"Klicka f\u00f6r utskrift\"><span><\/span><span class=\"sharing-screen-reader-text\">Klicka f\u00f6r utskrift (\u00d6ppnas i ett nytt f\u00f6nster)<\/span><\/a><\/li><li class=\"share-pinterest\"><a rel=\"nofollow noopener noreferrer\" data-shared=\"sharing-pinterest-459\" class=\"share-pinterest sd-button share-icon no-text\" href=\"https:\/\/hoppfull.nu\/index.php\/2009\/07\/11\/dag-3-anvand-din-kreativitet\/?share=pinterest\" target=\"_blank\" title=\"Klicka f\u00f6r att dela till Pinterest\"><span><\/span><span class=\"sharing-screen-reader-text\">Klicka f\u00f6r att dela till Pinterest (\u00d6ppnas i ett nytt f\u00f6nster)<\/span><\/a><\/li><li class=\"share-end\"><\/li><\/ul><\/div><\/div><\/div>","protected":false},"author":1,"featured_media":0,"comment_status":"open","ping_status":"open","sticky":false,"template":"","format":"standard","meta":{"spay_email":"","jetpack_publicize_message":"","jetpack_is_tweetstorm":false},"categories":[49],"tags":[50],"jetpack_featured_media_url":"","jetpack_publicize_connections":[],"jetpack_sharing_enabled":true,"jetpack_shortlink":"https:\/\/wp.me\/p23rAr-7p","jetpack-related-posts":[{"id":2845,"url":"https:\/\/hoppfull.nu\/index.php\/2013\/04\/08\/nummer-76-av-100\/","url_meta":{"origin":459,"position":0},"title":"Nummer 76 av 100","date":"08 april 2013, 21:51","format":false,"excerpt":"I 75 dagar har jag nu bloggat varje dag, ganska imponerande f\u00f6r att vara jag och den svacka jag befann mig i innan jag b\u00f6rjade med denna utmaning. Oftast har det inte varit n\u00e5got problem att komma n\u00e5got att skriva men de senaste dagarna har det \u00e4ndrats, finns pl\u00f6tsligt inget\u2026","rel":"","context":"I &quot;om vardagen&quot;","img":{"alt_text":"","src":"","width":0,"height":0},"classes":[]},{"id":2693,"url":"https:\/\/hoppfull.nu\/index.php\/2013\/03\/13\/halvvags\/","url_meta":{"origin":459,"position":1},"title":"Halvv\u00e4gs","date":"13 mars 2013, 23:06","format":false,"excerpt":"Dagens inl\u00e4gg blir nummer 50 i #blogg100 och jag tycker att det hittills inte varit n\u00e5got problem att f\u00e5 ur mig ett inl\u00e4gg om dagen, ibland har det till och med blivit tv\u00e5. Anledningen till detta tror jag \u00e4r f\u00f6r att jag skriver om livet och vad som f\u00f6r stunden\u2026","rel":"","context":"I &quot;om vardagen&quot;","img":{"alt_text":"","src":"","width":0,"height":0},"classes":[]},{"id":4640,"url":"https:\/\/hoppfull.nu\/index.php\/2017\/02\/28\/femte-aret-blogg100\/","url_meta":{"origin":459,"position":2},"title":"Femte \u00e5ret #blogg100","date":"28 februari 2017, 22:36","format":false,"excerpt":"Det h\u00e4r med bloggandet, ja vad ska jag s\u00e4ga. Det har varit tyst h\u00e4r sedan december och nu \u00e4r det slutet av februari. S\u00e5 ska jag forts\u00e4tta eller ska jag sluta. P\u00e5 flera s\u00e4tt skulle det vara sk\u00f6nt att bara l\u00e4gga ner sidan och strunta i att dela av mig\u2026","rel":"","context":"I &quot;om vardagen&quot;","img":{"alt_text":"","src":"","width":0,"height":0},"classes":[]},{"id":2947,"url":"https:\/\/hoppfull.nu\/index.php\/2013\/05\/02\/malgang-blogg100\/","url_meta":{"origin":459,"position":3},"title":"M\u00e5lg\u00e5ng #blogg100","date":"02 maj 2013, 23:18","format":false,"excerpt":"De senaste 100 dagarna har jag skrivit (minst) ett blogginl\u00e4gg om dagen, idag \u00e4r dag 100 och allts\u00e5 m\u00e5lg\u00e5ng. Har det varit sv\u00e5rt? Nja, inte direkt. Jag skulle ljuga om jag sa att jag varje dag vetat precis vad jag skulle skriva om, men i slut\u00e4ndan har det \u00e5tminstone kommit\u2026","rel":"","context":"I &quot;om vardagen&quot;","img":{"alt_text":"","src":"","width":0,"height":0},"classes":[]},{"id":4790,"url":"https:\/\/hoppfull.nu\/index.php\/2017\/03\/27\/sex-kandes-onodigt-nar-de-inte-kunde-fa-barn\/","url_meta":{"origin":459,"position":4},"title":"'Sex k\u00e4ndes \u201don\u00f6digt\u201d n\u00e4r de inte kunde f\u00e5 barn'","date":"27 mars 2017, 23:19","format":false,"excerpt":"\u00c5 s\u00e5 jag k\u00e4nner igen mig i de orden! Tyv\u00e4rr. Det h\u00e4r \u00e4r ett \u00e4mne som jag inte brukar skriva om n\u00e4r jag skriver om ofrivillig barnl\u00f6shet, sex allts\u00e5. Jag pratar inte ens om det rent allm\u00e4nt, jag \u00e4r n\u00e4stan pinsamt pryd. Som ofrivilligt barnl\u00f6s som genomg\u00e5tt behandling \u00e4r de\u2026","rel":"","context":"I &quot;om barnl\u00f6sheten&quot;","img":{"alt_text":"","src":"","width":0,"height":0},"classes":[]},{"id":699,"url":"https:\/\/hoppfull.nu\/index.php\/2009\/09\/06\/snart-mitt-i-natta\/","url_meta":{"origin":459,"position":5},"title":"Snart mitt i natta","date":"06 september 2009, 01:30","format":false,"excerpt":"Ligger p\u00e5 soffan, missarna sover. Det enda som h\u00f6rs \u00e4r datorns surrande och \"kn\u00e4ppen\" fr\u00e5n tangenterna n\u00e4r jag skriver. Det verkar vara lugnt ute ikv\u00e4ll, otroligt sk\u00f6nt efter den senaste tidens oroligheter. Borde egentligen ta och f\u00f6rs\u00f6ka komma i s\u00e4ng, men jag v\u00e4ntar p\u00e5 att sk\u00f6rda lite (FarmVille p\u00e5 Facebook).\u2026","rel":"","context":"I &quot;om vardagen&quot;","img":{"alt_text":"","src":"","width":0,"height":0},"classes":[]}],"jetpack_likes_enabled":true,"_links":{"self":[{"href":"https:\/\/hoppfull.nu\/index.php\/wp-json\/wp\/v2\/posts\/459"}],"collection":[{"href":"https:\/\/hoppfull.nu\/index.php\/wp-json\/wp\/v2\/posts"}],"about":[{"href":"https:\/\/hoppfull.nu\/index.php\/wp-json\/wp\/v2\/types\/post"}],"author":[{"embeddable":true,"href":"https:\/\/hoppfull.nu\/index.php\/wp-json\/wp\/v2\/users\/1"}],"replies":[{"embeddable":true,"href":"https:\/\/hoppfull.nu\/index.php\/wp-json\/wp\/v2\/comments?post=459"}],"version-history":[{"count":1,"href":"https:\/\/hoppfull.nu\/index.php\/wp-json\/wp\/v2\/posts\/459\/revisions"}],"predecessor-version":[{"id":460,"href":"https:\/\/hoppfull.nu\/index.php\/wp-json\/wp\/v2\/posts\/459\/revisions\/460"}],"wp:attachment":[{"href":"https:\/\/hoppfull.nu\/index.php\/wp-json\/wp\/v2\/media?parent=459"}],"wp:term":[{"taxonomy":"category","embeddable":true,"href":"https:\/\/hoppfull.nu\/index.php\/wp-json\/wp\/v2\/categories?post=459"},{"taxonomy":"post_tag","embeddable":true,"href":"https:\/\/hoppfull.nu\/index.php\/wp-json\/wp\/v2\/tags?post=459"}],"curies":[{"name":"wp","href":"https:\/\/api.w.org\/{rel}","templated":true}]}}