{"id":3523,"date":"2014-05-25T23:47:36","date_gmt":"2014-05-25T21:47:36","guid":{"rendered":"http:\/\/hoppfull.nu\/?p=3523"},"modified":"2014-05-26T11:01:42","modified_gmt":"2014-05-26T09:01:42","slug":"en-sadan-dag","status":"publish","type":"post","link":"https:\/\/hoppfull.nu\/index.php\/2014\/05\/25\/en-sadan-dag\/","title":{"rendered":"En s\u00e5dan dag"},"content":{"rendered":"<p>Du vet, ibland ler v\u00e4rlden mot en. Solen skiner, det \u00e4r lagom varmt, tr\u00e4den blommar. Idag var en s\u00e5dan dag. Helt pl\u00f6tsligt kom jag p\u00e5 mig att jag gick och log tillbaka. Jag m\u00e5dde bra och det \u00e4r en h\u00e4rlig k\u00e4nsla.<\/p>\n<p>F\u00f6rutom att jag gick och log mot v\u00e4rlden s\u00e5 har jag sj\u00e4lvklart r\u00f6stat (och sen spenderat kv\u00e4llen framf\u00f6r valvakan, eller n\u00e4stan eftersom jag g\u00e5tt och plockat i l\u00e4genheten) och &#8221;mitt&#8221; parti gick lite fram\u00e5t. Men hur kan man vara glad f\u00f6r det n\u00e4r m\u00f6rkret l\u00e4gger sig \u00f6ver Europa. <\/p>\n<p>En cykeltur p\u00e5 43 km blev det ocks\u00e5.<\/p>\n<p><small>\u203a\u203a 86\/100 #blogg100<\/small><\/p>\n<div class=\"sharedaddy sd-sharing-enabled\"><div class=\"robots-nocontent sd-block sd-social sd-social-icon sd-sharing\"><h3 class=\"sd-title\">Dela:<\/h3><div class=\"sd-content\"><ul><li class=\"share-twitter\"><a rel=\"nofollow noopener noreferrer\" data-shared=\"sharing-twitter-3523\" class=\"share-twitter sd-button share-icon no-text\" href=\"https:\/\/hoppfull.nu\/index.php\/2014\/05\/25\/en-sadan-dag\/?share=twitter\" target=\"_blank\" title=\"Klicka f\u00f6r att dela p\u00e5 Twitter\"><span><\/span><span class=\"sharing-screen-reader-text\">Klicka f\u00f6r att dela p\u00e5 Twitter (\u00d6ppnas i ett nytt f\u00f6nster)<\/span><\/a><\/li><li class=\"share-print\"><a rel=\"nofollow noopener noreferrer\" data-shared=\"\" class=\"share-print sd-button share-icon no-text\" href=\"https:\/\/hoppfull.nu\/index.php\/2014\/05\/25\/en-sadan-dag\/\" target=\"_blank\" title=\"Klicka f\u00f6r utskrift\"><span><\/span><span class=\"sharing-screen-reader-text\">Klicka f\u00f6r utskrift (\u00d6ppnas i ett nytt f\u00f6nster)<\/span><\/a><\/li><li class=\"share-pinterest\"><a rel=\"nofollow noopener noreferrer\" data-shared=\"sharing-pinterest-3523\" class=\"share-pinterest sd-button share-icon no-text\" href=\"https:\/\/hoppfull.nu\/index.php\/2014\/05\/25\/en-sadan-dag\/?share=pinterest\" target=\"_blank\" title=\"Klicka f\u00f6r att dela till Pinterest\"><span><\/span><span class=\"sharing-screen-reader-text\">Klicka f\u00f6r att dela till Pinterest (\u00d6ppnas i ett nytt f\u00f6nster)<\/span><\/a><\/li><li class=\"share-end\"><\/li><\/ul><\/div><\/div><\/div>","protected":false},"excerpt":{"rendered":"<p class=\"excerpt\">Du vet, ibland ler v\u00e4rlden mot en. Solen skiner, det \u00e4r lagom varmt, tr\u00e4den blommar. Idag var en s\u00e5dan dag. Helt pl\u00f6tsligt kom jag p\u00e5 mig att jag gick och log tillbaka. Jag m\u00e5dde bra och det \u00e4r en h\u00e4rlig k\u00e4nsla. F\u00f6rutom att jag gick och log mot v\u00e4rlden s\u00e5 har jag sj\u00e4lvklart r\u00f6stat (och sen spenderat kv\u00e4llen framf\u00f6r valvakan,&hellip; <a href=\"https:\/\/hoppfull.nu\/index.php\/2014\/05\/25\/en-sadan-dag\/\">Read more &rarr;<\/a><\/p>\n<div class=\"sharedaddy sd-sharing-enabled\"><div class=\"robots-nocontent sd-block sd-social sd-social-icon sd-sharing\"><h3 class=\"sd-title\">Dela:<\/h3><div class=\"sd-content\"><ul><li class=\"share-twitter\"><a rel=\"nofollow noopener noreferrer\" data-shared=\"sharing-twitter-3523\" class=\"share-twitter sd-button share-icon no-text\" href=\"https:\/\/hoppfull.nu\/index.php\/2014\/05\/25\/en-sadan-dag\/?share=twitter\" target=\"_blank\" title=\"Klicka f\u00f6r att dela p\u00e5 Twitter\"><span><\/span><span class=\"sharing-screen-reader-text\">Klicka f\u00f6r att dela p\u00e5 Twitter (\u00d6ppnas i ett nytt f\u00f6nster)<\/span><\/a><\/li><li class=\"share-print\"><a rel=\"nofollow noopener noreferrer\" data-shared=\"\" class=\"share-print sd-button share-icon no-text\" href=\"https:\/\/hoppfull.nu\/index.php\/2014\/05\/25\/en-sadan-dag\/\" target=\"_blank\" title=\"Klicka f\u00f6r utskrift\"><span><\/span><span class=\"sharing-screen-reader-text\">Klicka f\u00f6r utskrift (\u00d6ppnas i ett nytt f\u00f6nster)<\/span><\/a><\/li><li class=\"share-pinterest\"><a rel=\"nofollow noopener noreferrer\" data-shared=\"sharing-pinterest-3523\" class=\"share-pinterest sd-button share-icon no-text\" href=\"https:\/\/hoppfull.nu\/index.php\/2014\/05\/25\/en-sadan-dag\/?share=pinterest\" target=\"_blank\" title=\"Klicka f\u00f6r att dela till Pinterest\"><span><\/span><span class=\"sharing-screen-reader-text\">Klicka f\u00f6r att dela till Pinterest (\u00d6ppnas i ett nytt f\u00f6nster)<\/span><\/a><\/li><li class=\"share-end\"><\/li><\/ul><\/div><\/div><\/div>","protected":false},"author":1,"featured_media":0,"comment_status":"open","ping_status":"open","sticky":false,"template":"","format":"standard","meta":{"spay_email":"","jetpack_publicize_message":"En s\u00e5dan dag #blogg100","jetpack_is_tweetstorm":false},"categories":[469,1],"tags":[359],"jetpack_featured_media_url":"","jetpack_publicize_connections":[],"jetpack_sharing_enabled":true,"jetpack_shortlink":"https:\/\/wp.me\/p23rAr-UP","jetpack-related-posts":[{"id":2733,"url":"https:\/\/hoppfull.nu\/index.php\/2013\/03\/18\/och-snon-den-faller\/","url_meta":{"origin":3523,"position":0},"title":"Och sn\u00f6n den faller","date":"18 mars 2013, 23:13","format":false,"excerpt":"M\u00e5nga \u00e4r ni som idag har gn\u00e4llt lite extra f\u00f6r att det har sn\u00f6at, mina arbetskamrater var inte glada, folk p\u00e5 Twitter var inte glada, f\u00f6r att inte tala om alla p\u00e5 Facebook - de var inte heller glada. Men jag var. Glad allts\u00e5. Jag tycker om sn\u00f6n. Jag tycker\u2026","rel":"","context":"I &quot;om vardagen&quot;","img":{"alt_text":"","src":"","width":0,"height":0},"classes":[]},{"id":3236,"url":"https:\/\/hoppfull.nu\/index.php\/2014\/03\/03\/en-san-dar-dag\/","url_meta":{"origin":3523,"position":1},"title":"En s\u00e5n d\u00e4r dag","date":"03 mars 2014, 22:52","format":false,"excerpt":"Idag var en s\u00e5n d\u00e4r dag d\u00e5 allt bara k\u00e4nns fel och det jag helst vill g\u00f6ra \u00e4r att f\u00e5 l\u00e4gga mig p\u00e5 soffan och bara gl\u00f6mma v\u00e4rlden utanf\u00f6r. Idag var en s\u00e5n d\u00e4r dag d\u00e5 det inte gick eftersom jag var tvungen att jobba. K\u00e4nde det redan i morse\u2026","rel":"","context":"I &quot;om vardagen&quot;","img":{"alt_text":"","src":"","width":0,"height":0},"classes":[]},{"id":2819,"url":"https:\/\/hoppfull.nu\/index.php\/2013\/04\/02\/humoret-som-gar-upp-och-sen-ner\/","url_meta":{"origin":3523,"position":2},"title":"Hum\u00f6ret som g\u00e5r upp och sen ner","date":"02 april 2013, 21:28","format":false,"excerpt":"Jag \u00f6nskar jag kunde vara mer j\u00e4mn i hum\u00f6ret, jag \u00f6nskar att jag alltid kunde f\u00e5 vara s\u00e5 glad som jag k\u00e4nde mig ig\u00e5r. Ig\u00e5r k\u00e4ndes det som hela v\u00e4rlden log mot mig och jag log tillbaka. Idag har det inte varit s\u00e5, det har p\u00e5 inget s\u00e4tt varit en\u2026","rel":"","context":"I &quot;om vardagen&quot;","img":{"alt_text":"","src":"","width":0,"height":0},"classes":[]},{"id":4421,"url":"https:\/\/hoppfull.nu\/index.php\/2016\/05\/16\/jag-kan-jag-vill-det-gar-visst\/","url_meta":{"origin":3523,"position":3},"title":"Jag kan. Jag vill. Det g\u00e5r visst.","date":"16 maj 2016, 21:51","format":false,"excerpt":"Idag var en s\u00e5dan d\u00e4r dag d\u00e5 hela kroppen bara skriker \u00e5t mig. Jag kan inte, jag vill inte, det g\u00e5r inte. De d\u00e4r dagarna kommer ibland, oftast n\u00e4r det varit f\u00f6r mycket. Jag har liksom ingen reserv. Jag tar slut. \u00c5ngesten kryper i kroppen och allt jag vill \u00e4r\u2026","rel":"","context":"I &quot;om vardagen&quot;","img":{"alt_text":"","src":"","width":0,"height":0},"classes":[]},{"id":2806,"url":"https:\/\/hoppfull.nu\/index.php\/2013\/04\/01\/harliga-9-km\/","url_meta":{"origin":3523,"position":4},"title":"H\u00e4rliga 9 km!","date":"01 april 2013, 21:08","format":false,"excerpt":"F\u00f6r 22 dagar sedan var jag ute och sprang, sedan dess inget. F\u00f6rst var det mitt kn\u00e4 som sp\u00f6kade lite och sen blev jag sjuk. Har de senaste dagarna t\u00e4nkt att jag m\u00e5ste b\u00f6rja igen f\u00f6r att inte tappa det som jag redan byggt upp, trots detta har jag inte\u2026","rel":"","context":"I &quot;om l\u00f6pningen&quot;","img":{"alt_text":"904","src":"https:\/\/i1.wp.com\/hoppfull.nu\/wp-content\/uploads\/2013\/04\/904-600x600.jpg?resize=350%2C200","width":350,"height":200},"classes":[]},{"id":4324,"url":"https:\/\/hoppfull.nu\/index.php\/2016\/04\/20\/onsdag-ledig-dag\/","url_meta":{"origin":3523,"position":5},"title":"Onsdag = ledig dag","date":"20 april 2016, 22:15","format":false,"excerpt":"En ledig och sk\u00f6n dag \u00e4r snart till \u00e4nda. Jag har bara tagit det lugnt, f\u00f6rutom under den timmen jag var p\u00e5 spinning - ett superpass med bra musik och bra ledare (har redan bokat in mig p\u00e5 samma pass n\u00e4sta vecka). Jag har lyssnat klart p\u00e5 en ljudbok i\u2026","rel":"","context":"I &quot;om vardagen&quot;","img":{"alt_text":"","src":"","width":0,"height":0},"classes":[]}],"jetpack_likes_enabled":true,"_links":{"self":[{"href":"https:\/\/hoppfull.nu\/index.php\/wp-json\/wp\/v2\/posts\/3523"}],"collection":[{"href":"https:\/\/hoppfull.nu\/index.php\/wp-json\/wp\/v2\/posts"}],"about":[{"href":"https:\/\/hoppfull.nu\/index.php\/wp-json\/wp\/v2\/types\/post"}],"author":[{"embeddable":true,"href":"https:\/\/hoppfull.nu\/index.php\/wp-json\/wp\/v2\/users\/1"}],"replies":[{"embeddable":true,"href":"https:\/\/hoppfull.nu\/index.php\/wp-json\/wp\/v2\/comments?post=3523"}],"version-history":[{"count":2,"href":"https:\/\/hoppfull.nu\/index.php\/wp-json\/wp\/v2\/posts\/3523\/revisions"}],"predecessor-version":[{"id":3525,"href":"https:\/\/hoppfull.nu\/index.php\/wp-json\/wp\/v2\/posts\/3523\/revisions\/3525"}],"wp:attachment":[{"href":"https:\/\/hoppfull.nu\/index.php\/wp-json\/wp\/v2\/media?parent=3523"}],"wp:term":[{"taxonomy":"category","embeddable":true,"href":"https:\/\/hoppfull.nu\/index.php\/wp-json\/wp\/v2\/categories?post=3523"},{"taxonomy":"post_tag","embeddable":true,"href":"https:\/\/hoppfull.nu\/index.php\/wp-json\/wp\/v2\/tags?post=3523"}],"curies":[{"name":"wp","href":"https:\/\/api.w.org\/{rel}","templated":true}]}}