{"id":3049,"date":"2013-08-08T23:15:01","date_gmt":"2013-08-08T21:15:01","guid":{"rendered":"http:\/\/hoppfull.nu\/?p=3049"},"modified":"2013-08-08T23:15:01","modified_gmt":"2013-08-08T21:15:01","slug":"den-dar-barnlosheten-igen","status":"publish","type":"post","link":"https:\/\/hoppfull.nu\/index.php\/2013\/08\/08\/den-dar-barnlosheten-igen\/","title":{"rendered":"Den d\u00e4r barnl\u00f6sheten igen"},"content":{"rendered":"<p>Som vanligt s\u00e5 \u00e4r den st\u00e4ndigt n\u00e4rvarande, som en efterh\u00e4ngsen v\u00e4n\/ov\u00e4n som jag inte kan skaka av mig. Poppar fram vid v\u00e4ntade som ov\u00e4ntade tillf\u00e4llen f\u00f6r att skratta mig rakt i ansiktet, f\u00f6r att g\u00f6ra mig ledsen. Ibland \u00e4r det ren dumhet fr\u00e5n min sida att jag blir p\u00e5mind. S\u00e5 var fallet idag d\u00e5 jag fastnade framf\u00f6r ett avsnitt av <a href=\"http:\/\/www.imdb.com\/title\/tt1176066\/\">Tori &#038; Dean<\/a>, Tori v\u00e4ntar deras andra barn (numera har de fyra) och de var tillsammans till hennes <a href=\"http:\/\/en.wikipedia.org\/wiki\/Obstetrics_and_gynaecology\">OB\/GYN<\/a> f\u00f6r ett ultraljud.<\/p>\n<p>Ja, vad ska man s\u00e4ga. Jag minns alla g\u00e5nger jag sett min egna tomma livmoder n\u00e4r jag gjort VUL (vaginalt ultraljud), tomt s\u00e5 det ekat. N\u00e5gra g\u00e5nger s\u00e5g jag \u00e4ggbl\u00e5sor, m\u00e5nga g\u00e5nger cystor&#8230;och en g\u00e5ng den tomma hinns\u00e4cken. Den hinns\u00e4cken som det kan ha varit ett foster i, det n\u00e4rmaste jag kommit till att vara gravid.<\/p>\n<p>Men det d\u00e4r med att g\u00f6ra ett &#8221;riktigt&#8221; ultraljud, du vet ett s\u00e5dant n\u00e4r de kletar gel p\u00e5 magen och man sen f\u00e5r se ett levande barn, har jag aldrig f\u00e5tt vara med om. Jag har aldrig f\u00e5tt ligga d\u00e4r p\u00e5 britsen med ett stort leende, med en blivande pappa vid min sida. Aldrig f\u00e5tt uppleva det, kommer aldrig f\u00e5 uppleva det.<\/p>\n<p>Det g\u00f6r ont.<\/p>\n<p>Och sen kan man ju ocks\u00e5 fundera \u00f6ver hur smart det \u00e4r att sen titta p\u00e5 <a href=\"http:\/\/www.tlc.com\/tv-shows\/say-yes-to-the-dress\">Say yes to the dress<\/a>, f\u00f6r det m\u00e5r jag inte heller s\u00e5 bra av. Eller jo, det \u00e4r kul att se massor av vackra brudkl\u00e4nningar men jag p\u00e5minns ocks\u00e5 om att jag aldrig kommer f\u00e5 ha p\u00e5 mig n\u00e5gon fin kl\u00e4nning, igen. Och dessa ord skriver hon som sagt att gifta sig minsann inte var n\u00e5got hon skulle g\u00f6ra igen. Fast man kan ju \u00e4ndra sig, men att jag \u00e4ndrar mig beh\u00f6ver inte betyda att det d\u00e4rf\u00f6r kommer att ske.<\/p>\n<p>Fick fr\u00e5gan idag vad jag hade f\u00f6r m\u00e5l i livet, ingen av de saker jag n\u00e4mnde ovan n\u00e4mndes&#8230;.och skulle jag skriva att dessa var tv\u00e5 av mina m\u00e5l skulle jag f\u00e5 s\u00e5 m\u00e5nga efter mig. Att f\u00e5 barn och gifta sig? Sk\u00e4mtar du, lever du p\u00e5 medeltiden? Hur som helst, det spelar ingen roll f\u00f6r \u00e4ven om barn och gifterm\u00e5l (i en fin kl\u00e4nning) skulle vara mina m\u00e5l s\u00e5 \u00e4r de b\u00e5da lika ouppn\u00e5eliga. S\u00e5 vad spelar det f\u00f6r roll vad jag kallar saker och ting, tv\u00e5 \u00f6nskningar eller m\u00e5l? Inget av dem kommer \u00e4nd\u00e5 att ske&#8230;<\/p>\n<p>Men sk\u00e4mtar du med mig?! <a href=\"http:\/\/www.imdb.com\/title\/tt0159206\/\">Sex and the City<\/a> p\u00e5 tv, och vilket avsnitt? Jo, det d\u00e5 Miranda \u00e4r och g\u00f6r <a href=\"http:\/\/www.imdb.com\/title\/tt0698623\/\">ultraljud<\/a>. Ja, vad ska man s\u00e4ga.<\/p>\n<div class=\"sharedaddy sd-sharing-enabled\"><div class=\"robots-nocontent sd-block sd-social sd-social-icon sd-sharing\"><h3 class=\"sd-title\">Dela:<\/h3><div class=\"sd-content\"><ul><li class=\"share-twitter\"><a rel=\"nofollow noopener noreferrer\" data-shared=\"sharing-twitter-3049\" class=\"share-twitter sd-button share-icon no-text\" href=\"https:\/\/hoppfull.nu\/index.php\/2013\/08\/08\/den-dar-barnlosheten-igen\/?share=twitter\" target=\"_blank\" title=\"Klicka f\u00f6r att dela p\u00e5 Twitter\"><span><\/span><span class=\"sharing-screen-reader-text\">Klicka f\u00f6r att dela p\u00e5 Twitter (\u00d6ppnas i ett nytt f\u00f6nster)<\/span><\/a><\/li><li class=\"share-print\"><a rel=\"nofollow noopener noreferrer\" data-shared=\"\" class=\"share-print sd-button share-icon no-text\" href=\"https:\/\/hoppfull.nu\/index.php\/2013\/08\/08\/den-dar-barnlosheten-igen\/\" target=\"_blank\" title=\"Klicka f\u00f6r utskrift\"><span><\/span><span class=\"sharing-screen-reader-text\">Klicka f\u00f6r utskrift (\u00d6ppnas i ett nytt f\u00f6nster)<\/span><\/a><\/li><li class=\"share-pinterest\"><a rel=\"nofollow noopener noreferrer\" data-shared=\"sharing-pinterest-3049\" class=\"share-pinterest sd-button share-icon no-text\" href=\"https:\/\/hoppfull.nu\/index.php\/2013\/08\/08\/den-dar-barnlosheten-igen\/?share=pinterest\" target=\"_blank\" title=\"Klicka f\u00f6r att dela till Pinterest\"><span><\/span><span class=\"sharing-screen-reader-text\">Klicka f\u00f6r att dela till Pinterest (\u00d6ppnas i ett nytt f\u00f6nster)<\/span><\/a><\/li><li class=\"share-end\"><\/li><\/ul><\/div><\/div><\/div>","protected":false},"excerpt":{"rendered":"<p class=\"excerpt\">Som vanligt s\u00e5 \u00e4r den st\u00e4ndigt n\u00e4rvarande, som en efterh\u00e4ngsen v\u00e4n\/ov\u00e4n som jag inte kan skaka av mig. Poppar fram vid v\u00e4ntade som ov\u00e4ntade tillf\u00e4llen f\u00f6r att skratta mig rakt i ansiktet, f\u00f6r att g\u00f6ra mig ledsen. Ibland \u00e4r det ren dumhet fr\u00e5n min sida att jag blir p\u00e5mind. S\u00e5 var fallet idag d\u00e5 jag fastnade framf\u00f6r ett avsnitt av&hellip; <a href=\"https:\/\/hoppfull.nu\/index.php\/2013\/08\/08\/den-dar-barnlosheten-igen\/\">Read more &rarr;<\/a><\/p>\n<div class=\"sharedaddy sd-sharing-enabled\"><div class=\"robots-nocontent sd-block sd-social sd-social-icon sd-sharing\"><h3 class=\"sd-title\">Dela:<\/h3><div class=\"sd-content\"><ul><li class=\"share-twitter\"><a rel=\"nofollow noopener noreferrer\" data-shared=\"sharing-twitter-3049\" class=\"share-twitter sd-button share-icon no-text\" href=\"https:\/\/hoppfull.nu\/index.php\/2013\/08\/08\/den-dar-barnlosheten-igen\/?share=twitter\" target=\"_blank\" title=\"Klicka f\u00f6r att dela p\u00e5 Twitter\"><span><\/span><span class=\"sharing-screen-reader-text\">Klicka f\u00f6r att dela p\u00e5 Twitter (\u00d6ppnas i ett nytt f\u00f6nster)<\/span><\/a><\/li><li class=\"share-print\"><a rel=\"nofollow noopener noreferrer\" data-shared=\"\" class=\"share-print sd-button share-icon no-text\" href=\"https:\/\/hoppfull.nu\/index.php\/2013\/08\/08\/den-dar-barnlosheten-igen\/\" target=\"_blank\" title=\"Klicka f\u00f6r utskrift\"><span><\/span><span class=\"sharing-screen-reader-text\">Klicka f\u00f6r utskrift (\u00d6ppnas i ett nytt f\u00f6nster)<\/span><\/a><\/li><li class=\"share-pinterest\"><a rel=\"nofollow noopener noreferrer\" data-shared=\"sharing-pinterest-3049\" class=\"share-pinterest sd-button share-icon no-text\" href=\"https:\/\/hoppfull.nu\/index.php\/2013\/08\/08\/den-dar-barnlosheten-igen\/?share=pinterest\" target=\"_blank\" title=\"Klicka f\u00f6r att dela till Pinterest\"><span><\/span><span class=\"sharing-screen-reader-text\">Klicka f\u00f6r att dela till Pinterest (\u00d6ppnas i ett nytt f\u00f6nster)<\/span><\/a><\/li><li class=\"share-end\"><\/li><\/ul><\/div><\/div><\/div>","protected":false},"author":1,"featured_media":0,"comment_status":"open","ping_status":"open","sticky":false,"template":"","format":"standard","meta":{"spay_email":"","jetpack_publicize_message":"","jetpack_is_tweetstorm":false},"categories":[8],"tags":[432,433,430,431],"jetpack_featured_media_url":"","jetpack_publicize_connections":[],"jetpack_sharing_enabled":true,"jetpack_shortlink":"https:\/\/wp.me\/p23rAr-Nb","jetpack-related-posts":[{"id":1661,"url":"https:\/\/hoppfull.nu\/index.php\/2011\/05\/29\/ofrivilligt-barnlos\/","url_meta":{"origin":3049,"position":0},"title":"Ofrivilligt barnl\u00f6s","date":"29 maj 2011, 01:13","format":false,"excerpt":"Den f\u00f6rsta Ofrivilligt barnl\u00f6sas dag i Sverige har passerat och f\u00f6rhoppningsvis har n\u00e5gra fler f\u00e5tt upp \u00f6gonen f\u00f6r att det faktiskt inte bara \u00e4r att \"skaffa\" barn. Det \u00e4r s\u00e5 m\u00e5nga som tror att det \u00e4r n\u00e5got som g\u00e5r att planera in i sitt tidsschema precis d\u00e4r man vill. Genom\u2026","rel":"","context":"I &quot;om barnl\u00f6sheten&quot;","img":{"alt_text":"","src":"","width":0,"height":0},"classes":[]},{"id":4643,"url":"https:\/\/hoppfull.nu\/index.php\/2017\/03\/01\/ur-form-till-i-form-varfor-ska-det-vara-sa-svart\/","url_meta":{"origin":3049,"position":1},"title":"Ur form till i form, varf\u00f6r ska det vara s\u00e5 sv\u00e5rt?","date":"01 mars 2017, 21:08","format":false,"excerpt":"Jag \u00e4r d\u00e4r igen. Ur form. Jag \u00e4r s\u00e5 tr\u00f6tt p\u00e5 att skriva det igen. Ur form. Otr\u00e4nad. \u00d6verviktig. Jag f\u00f6rst\u00e5r inte varf\u00f6r jag g\u00f6r detta mot mig sj\u00e4lv om och om igen. Varf\u00f6r slutar jag tr\u00e4na n\u00e4r jag vet att jag m\u00e5r b\u00e4ttre n\u00e4r jag g\u00f6r det. Varf\u00f6r \u00e4ter\u2026","rel":"","context":"I &quot;om tr\u00e4ningen&quot;","img":{"alt_text":"","src":"","width":0,"height":0},"classes":[]},{"id":1792,"url":"https:\/\/hoppfull.nu\/index.php\/2011\/10\/06\/allt-annat-an-det-jag-borde-2\/","url_meta":{"origin":3049,"position":2},"title":"Allt annat \u00e4n det jag borde","date":"06 oktober 2011, 14:45","format":false,"excerpt":"Obligatorisk seminarium nummer 2 p\u00e5g\u00e5r just nu, b\u00f6rjade i morse vid 08 och h\u00e5ller p\u00e5 till i morgon kl 18. Och jag har inte gjort ett enda inl\u00e4gg, dels f\u00f6r att det \u00e4r s\u00e5 himla tr\u00e5kigt s\u00e5 att jag har sv\u00e5rt att motivera mig till det och dels f\u00f6r att\u2026","rel":"","context":"I &quot;om barnl\u00f6sheten&quot;","img":{"alt_text":"","src":"","width":0,"height":0},"classes":[]},{"id":4053,"url":"https:\/\/hoppfull.nu\/index.php\/2015\/08\/10\/om-allt-och-inget-och-lite-till-2\/","url_meta":{"origin":3049,"position":3},"title":"Om allt och inget och lite till","date":"10 augusti 2015, 01:20","format":false,"excerpt":"Det h\u00e4r blir nog ett spretig inl\u00e4gg, har s\u00e5 mycket som snurrar i huvudet som jag k\u00e4nner att jag vill f\u00e5 ner. Om allt blir skrivet, det vet jag inte. Semestern.\u00a0Jag b\u00f6rjade mina fyra veckor med en undran, vad ska jag nu g\u00f6ra med mitt liv? Hade inget planerat, inget.\u2026","rel":"","context":"I &quot;om tr\u00e4ningen&quot;","img":{"alt_text":"IMG_8230","src":"https:\/\/i2.wp.com\/hoppfull.nu\/wp-content\/uploads\/2015\/08\/IMG_8230-600x800.jpg?resize=350%2C200","width":350,"height":200},"classes":[]},{"id":4176,"url":"https:\/\/hoppfull.nu\/index.php\/2016\/03\/10\/barnloshet-utanforskap\/","url_meta":{"origin":3049,"position":4},"title":"Barnl\u00f6shet = utanf\u00f6rskap?","date":"10 mars 2016, 21:31","format":false,"excerpt":"Jag b\u00f6rjade denna fj\u00e4rde sjukdag att l\u00e4sa om parnormen\/pargemenskapen\u00a0inne hos Fredrik. Det fick mig att t\u00e4nka, inte s\u00e5 mycket p\u00e5 den utanf\u00f6rskap som kommer av att man \u00e4r singel. Nej, jag t\u00e4nkte p\u00e5 den utanf\u00f6rskap som kommer sig av att vara barnl\u00f6s. Nu har jag ju mer eller mindre valt\u2026","rel":"","context":"I &quot;om barnl\u00f6sheten&quot;","img":{"alt_text":"","src":"","width":0,"height":0},"classes":[]},{"id":2742,"url":"https:\/\/hoppfull.nu\/index.php\/2013\/03\/21\/sjukdag-3-och-roriga-tankar\/","url_meta":{"origin":3049,"position":5},"title":"Sjukdag 3 och r\u00f6riga tankar","date":"21 mars 2013, 23:51","format":false,"excerpt":"Tredje dagen med feber och ledv\u00e4rk. Tredje dagen som spenderats i s\u00e4ngen. Men jag borde inte klaga, de finns de som har det v\u00e4rre. Och n\u00e4r jag t\u00e4nker p\u00e5 tv\u00e5 av dem som har det v\u00e4rre, blir jag s\u00e5 ledsen. Ledsen \u00f6ver hur or\u00e4ttvist livet kan vara... S\u00e5 vad har\u2026","rel":"","context":"I &quot;om vardagen&quot;","img":{"alt_text":"","src":"","width":0,"height":0},"classes":[]}],"jetpack_likes_enabled":true,"_links":{"self":[{"href":"https:\/\/hoppfull.nu\/index.php\/wp-json\/wp\/v2\/posts\/3049"}],"collection":[{"href":"https:\/\/hoppfull.nu\/index.php\/wp-json\/wp\/v2\/posts"}],"about":[{"href":"https:\/\/hoppfull.nu\/index.php\/wp-json\/wp\/v2\/types\/post"}],"author":[{"embeddable":true,"href":"https:\/\/hoppfull.nu\/index.php\/wp-json\/wp\/v2\/users\/1"}],"replies":[{"embeddable":true,"href":"https:\/\/hoppfull.nu\/index.php\/wp-json\/wp\/v2\/comments?post=3049"}],"version-history":[{"count":2,"href":"https:\/\/hoppfull.nu\/index.php\/wp-json\/wp\/v2\/posts\/3049\/revisions"}],"predecessor-version":[{"id":3051,"href":"https:\/\/hoppfull.nu\/index.php\/wp-json\/wp\/v2\/posts\/3049\/revisions\/3051"}],"wp:attachment":[{"href":"https:\/\/hoppfull.nu\/index.php\/wp-json\/wp\/v2\/media?parent=3049"}],"wp:term":[{"taxonomy":"category","embeddable":true,"href":"https:\/\/hoppfull.nu\/index.php\/wp-json\/wp\/v2\/categories?post=3049"},{"taxonomy":"post_tag","embeddable":true,"href":"https:\/\/hoppfull.nu\/index.php\/wp-json\/wp\/v2\/tags?post=3049"}],"curies":[{"name":"wp","href":"https:\/\/api.w.org\/{rel}","templated":true}]}}