{"id":2975,"date":"2013-05-18T16:40:13","date_gmt":"2013-05-18T14:40:13","guid":{"rendered":"http:\/\/hoppfull.nu\/?p=2975"},"modified":"2013-05-18T16:40:13","modified_gmt":"2013-05-18T14:40:13","slug":"nar-man-kommer-till-en-insikt","status":"publish","type":"post","link":"https:\/\/hoppfull.nu\/index.php\/2013\/05\/18\/nar-man-kommer-till-en-insikt\/","title":{"rendered":"N\u00e4r man kommer till en insikt"},"content":{"rendered":"<p>Ig\u00e5r var jag som planerat och t\u00e4nde ett ljus f\u00f6r pappa vid minneslunden h\u00e4r i Yttre Bortre. Det var fint d\u00e4r nu, m\u00e5nga hade varit d\u00e4r med blommor och kyrkog\u00e5rden var v\u00e5rfixad. Minneslunden har blivit ett v\u00e4lbes\u00f6kt plats f\u00f6r mig, har ofta haft \u00e5tminstone ett v\u00e4rmeljus med mig n\u00e4r jag varit ute och g\u00e5tt. Ofta har jag suttit d\u00e4r n\u00e5gra minuter och bara t\u00e4nkt, inte alltid p\u00e5 pappa utan ofta p\u00e5 andra saker i livet. M\u00e5nga g\u00e5nger har jag gr\u00e5tit lite grann, tyckt att livet var or\u00e4ttvist, k\u00e4nt mig ensam. Kanske funnit lite ro. <\/p>\n<p>Ig\u00e5r var det inte s\u00e5, ig\u00e5r infann sig bara en k\u00e4nsla om att vara klar. Jag \u00e4r klar med att g\u00e5 till minneslunden. Kanske kom detta f\u00f6r att det var ljust ig\u00e5r n\u00e4r jag var dit och v\u00e5ren spirade runt omkring mig, det var en annan k\u00e4nsla d\u00e4r nu mot n\u00e4r sn\u00f6n l\u00e5g djup och tr\u00e4den stod kala. Nu \u00e4r det v\u00e5r, och n\u00e4r v\u00e5ren kom skulle pappa f\u00e5 sin vila vid minneslunden vid Tillinge kyrka, det gick ju inte tidigare n\u00e4r marken var h\u00e5rd. Vet inte om han f\u00e5tt komma dit \u00e4n, men misst\u00e4nker det. Han finns d\u00e4r nu, och jag k\u00e4nde inte samma ro som jag brukar vid minneslunden h\u00e4r nu &#8211; kanske har det ett samband. Eller s\u00e5 har jag bara kommit ett steg l\u00e4ngre i sorgeprocessen. Hur det \u00e4n \u00e4r s\u00e5 kommer jag inte g\u00e5 till minneslunden lika ofta, jag k\u00e4nner att jag \u00e4r klar med det.<\/p>\n<div class=\"sharedaddy sd-sharing-enabled\"><div class=\"robots-nocontent sd-block sd-social sd-social-icon sd-sharing\"><h3 class=\"sd-title\">Dela:<\/h3><div class=\"sd-content\"><ul><li class=\"share-twitter\"><a rel=\"nofollow noopener noreferrer\" data-shared=\"sharing-twitter-2975\" class=\"share-twitter sd-button share-icon no-text\" href=\"https:\/\/hoppfull.nu\/index.php\/2013\/05\/18\/nar-man-kommer-till-en-insikt\/?share=twitter\" target=\"_blank\" title=\"Klicka f\u00f6r att dela p\u00e5 Twitter\"><span><\/span><span class=\"sharing-screen-reader-text\">Klicka f\u00f6r att dela p\u00e5 Twitter (\u00d6ppnas i ett nytt f\u00f6nster)<\/span><\/a><\/li><li class=\"share-print\"><a rel=\"nofollow noopener noreferrer\" data-shared=\"\" class=\"share-print sd-button share-icon no-text\" href=\"https:\/\/hoppfull.nu\/index.php\/2013\/05\/18\/nar-man-kommer-till-en-insikt\/\" target=\"_blank\" title=\"Klicka f\u00f6r utskrift\"><span><\/span><span class=\"sharing-screen-reader-text\">Klicka f\u00f6r utskrift (\u00d6ppnas i ett nytt f\u00f6nster)<\/span><\/a><\/li><li class=\"share-pinterest\"><a rel=\"nofollow noopener noreferrer\" data-shared=\"sharing-pinterest-2975\" class=\"share-pinterest sd-button share-icon no-text\" href=\"https:\/\/hoppfull.nu\/index.php\/2013\/05\/18\/nar-man-kommer-till-en-insikt\/?share=pinterest\" target=\"_blank\" title=\"Klicka f\u00f6r att dela till Pinterest\"><span><\/span><span class=\"sharing-screen-reader-text\">Klicka f\u00f6r att dela till Pinterest (\u00d6ppnas i ett nytt f\u00f6nster)<\/span><\/a><\/li><li class=\"share-end\"><\/li><\/ul><\/div><\/div><\/div>","protected":false},"excerpt":{"rendered":"<p class=\"excerpt\">Ig\u00e5r var jag som planerat och t\u00e4nde ett ljus f\u00f6r pappa vid minneslunden h\u00e4r i Yttre Bortre. Det var fint d\u00e4r nu, m\u00e5nga hade varit d\u00e4r med blommor och kyrkog\u00e5rden var v\u00e5rfixad. Minneslunden har blivit ett v\u00e4lbes\u00f6kt plats f\u00f6r mig, har ofta haft \u00e5tminstone ett v\u00e4rmeljus med mig n\u00e4r jag varit ute och g\u00e5tt. Ofta har jag suttit d\u00e4r n\u00e5gra&hellip; <a href=\"https:\/\/hoppfull.nu\/index.php\/2013\/05\/18\/nar-man-kommer-till-en-insikt\/\">Read more &rarr;<\/a><\/p>\n<div class=\"sharedaddy sd-sharing-enabled\"><div class=\"robots-nocontent sd-block sd-social sd-social-icon sd-sharing\"><h3 class=\"sd-title\">Dela:<\/h3><div class=\"sd-content\"><ul><li class=\"share-twitter\"><a rel=\"nofollow noopener noreferrer\" data-shared=\"sharing-twitter-2975\" class=\"share-twitter sd-button share-icon no-text\" href=\"https:\/\/hoppfull.nu\/index.php\/2013\/05\/18\/nar-man-kommer-till-en-insikt\/?share=twitter\" target=\"_blank\" title=\"Klicka f\u00f6r att dela p\u00e5 Twitter\"><span><\/span><span class=\"sharing-screen-reader-text\">Klicka f\u00f6r att dela p\u00e5 Twitter (\u00d6ppnas i ett nytt f\u00f6nster)<\/span><\/a><\/li><li class=\"share-print\"><a rel=\"nofollow noopener noreferrer\" data-shared=\"\" class=\"share-print sd-button share-icon no-text\" href=\"https:\/\/hoppfull.nu\/index.php\/2013\/05\/18\/nar-man-kommer-till-en-insikt\/\" target=\"_blank\" title=\"Klicka f\u00f6r utskrift\"><span><\/span><span class=\"sharing-screen-reader-text\">Klicka f\u00f6r utskrift (\u00d6ppnas i ett nytt f\u00f6nster)<\/span><\/a><\/li><li class=\"share-pinterest\"><a rel=\"nofollow noopener noreferrer\" data-shared=\"sharing-pinterest-2975\" class=\"share-pinterest sd-button share-icon no-text\" href=\"https:\/\/hoppfull.nu\/index.php\/2013\/05\/18\/nar-man-kommer-till-en-insikt\/?share=pinterest\" target=\"_blank\" title=\"Klicka f\u00f6r att dela till Pinterest\"><span><\/span><span class=\"sharing-screen-reader-text\">Klicka f\u00f6r att dela till Pinterest (\u00d6ppnas i ett nytt f\u00f6nster)<\/span><\/a><\/li><li class=\"share-end\"><\/li><\/ul><\/div><\/div><\/div>","protected":false},"author":1,"featured_media":0,"comment_status":"open","ping_status":"open","sticky":false,"template":"","format":"standard","meta":{"spay_email":"","jetpack_publicize_message":"","jetpack_is_tweetstorm":false},"categories":[1],"tags":[428,344,97],"jetpack_featured_media_url":"","jetpack_publicize_connections":[],"jetpack_sharing_enabled":true,"jetpack_shortlink":"https:\/\/wp.me\/p23rAr-LZ","jetpack-related-posts":[{"id":2452,"url":"https:\/\/hoppfull.nu\/index.php\/2013\/02\/10\/helgen-som-varit-2\/","url_meta":{"origin":2975,"position":0},"title":"Helgen som varit","date":"10 februari 2013, 22:47","format":false,"excerpt":"Tv\u00e5 h\u00e4rliga dagar utan m\u00e5sten och planer, f\u00f6rutom att ta det lugnt och slappa. Visserligen s\u00e5 stod tv\u00e5 l\u00f6pturer p\u00e5 schemat och fixa matplaneringen f\u00f6r n\u00e4sta vecka, men det var inte s\u00e5 anstr\u00e4ngande. Eller jo, l\u00f6pturen i sn\u00f6modd ig\u00e5r var lite jobbig. Jag har passat p\u00e5 att vara uppe l\u00e4nge\u2026","rel":"","context":"I &quot;om vardagen&quot;","img":{"alt_text":"","src":"https:\/\/i2.wp.com\/hoppfull.nu\/wp-content\/uploads\/2013\/02\/20130210-224256.jpg?resize=350%2C200","width":350,"height":200},"classes":[]},{"id":2281,"url":"https:\/\/hoppfull.nu\/index.php\/2013\/01\/06\/begravningen-time-to-say-goodbye\/","url_meta":{"origin":2975,"position":1},"title":"Begravningen - time to say goodbye","date":"06 januari 2013, 00:39","format":false,"excerpt":"Tre veckor har g\u00e5tt sedan pappa dog, tre veckor som k\u00e4nns v\u00e4ldigt l\u00e5nga men samtidigt korta. Ibland k\u00e4nns det s\u00e5 overkligt, jag f\u00f6rst\u00e5r inte att han \u00e4r borta. Vi hade inte s\u00e5 mycket kontakt, vi pratade ibland n\u00e5gon g\u00e5ng per m\u00e5nad men oftast var det nog varannan. Jag tr\u00e4ffade honom\u2026","rel":"","context":"I &quot;om vardagen&quot;","img":{"alt_text":"","src":"","width":0,"height":0},"classes":[]},{"id":2527,"url":"https:\/\/hoppfull.nu\/index.php\/2013\/02\/23\/arv-skuldkanslor-och-sant\/","url_meta":{"origin":2975,"position":2},"title":"Arv, skuldk\u00e4nslor och s\u00e5nt","date":"23 februari 2013, 23:45","format":false,"excerpt":"Sk\u00f6n och slapp l\u00f6rdag, precis som jag \u00f6nskade mig. Pratade l\u00e4nge med syster och vi kom in p\u00e5 allt med bouppteckning, arvsr\u00e4tt, br\u00f6starvingar och arvsskifte....saker som jag inte hade \u00e4gnat en tanke \u00e5t innan pappa dog. M\u00e5ste erk\u00e4nna att jag inte har n\u00e5gon koll alls. Denna vecka var det ju\u2026","rel":"","context":"I &quot;om vardagen&quot;","img":{"alt_text":"","src":"","width":0,"height":0},"classes":[]},{"id":3024,"url":"https:\/\/hoppfull.nu\/index.php\/2013\/08\/03\/ett-arv-rikare\/","url_meta":{"origin":2975,"position":3},"title":"Ett arv rikare...","date":"03 augusti 2013, 01:07","format":false,"excerpt":"...och en pappa fattigare. Eller en pappa fattigare har jag ju varit sedan i december och ang\u00e5ende ett arv rikare s\u00e5 var det bara halva arvet som vi fick idag, allt i enlighet med pappas testamente. Fast helst av allt hade jag sluppit att f\u00e5 arvet utbetalat idag och haft\u2026","rel":"","context":"I &quot;om vardagen&quot;","img":{"alt_text":"","src":"","width":0,"height":0},"classes":[]},{"id":2385,"url":"https:\/\/hoppfull.nu\/index.php\/2013\/02\/02\/ibland-missar-man-ett-hal-och-faller-i\/","url_meta":{"origin":2975,"position":4},"title":"Ibland missar man ett h\u00e5l och faller i av gammal vana","date":"02 februari 2013, 22:34","format":false,"excerpt":"Som jag skrev ig\u00e5r s\u00e5 sj\u00f6nk hum\u00f6ret och tyv\u00e4rr blev hum\u00f6ret inte b\u00e4ttre idag, snarare s\u00e4mre. Jag vet inte om det \u00e4r en sen reaktion p\u00e5 att pappa dog eller om det beror p\u00e5 annat. Jag var p\u00e5 en kurs genom jobbet i veckan, en kurs som innebar en 22-timmars\u2026","rel":"","context":"I &quot;om vardagen&quot;","img":{"alt_text":"","src":"","width":0,"height":0},"classes":[]},{"id":4053,"url":"https:\/\/hoppfull.nu\/index.php\/2015\/08\/10\/om-allt-och-inget-och-lite-till-2\/","url_meta":{"origin":2975,"position":5},"title":"Om allt och inget och lite till","date":"10 augusti 2015, 01:20","format":false,"excerpt":"Det h\u00e4r blir nog ett spretig inl\u00e4gg, har s\u00e5 mycket som snurrar i huvudet som jag k\u00e4nner att jag vill f\u00e5 ner. Om allt blir skrivet, det vet jag inte. Semestern.\u00a0Jag b\u00f6rjade mina fyra veckor med en undran, vad ska jag nu g\u00f6ra med mitt liv? Hade inget planerat, inget.\u2026","rel":"","context":"I &quot;om tr\u00e4ningen&quot;","img":{"alt_text":"IMG_8230","src":"https:\/\/i2.wp.com\/hoppfull.nu\/wp-content\/uploads\/2015\/08\/IMG_8230-600x800.jpg?resize=350%2C200","width":350,"height":200},"classes":[]}],"jetpack_likes_enabled":true,"_links":{"self":[{"href":"https:\/\/hoppfull.nu\/index.php\/wp-json\/wp\/v2\/posts\/2975"}],"collection":[{"href":"https:\/\/hoppfull.nu\/index.php\/wp-json\/wp\/v2\/posts"}],"about":[{"href":"https:\/\/hoppfull.nu\/index.php\/wp-json\/wp\/v2\/types\/post"}],"author":[{"embeddable":true,"href":"https:\/\/hoppfull.nu\/index.php\/wp-json\/wp\/v2\/users\/1"}],"replies":[{"embeddable":true,"href":"https:\/\/hoppfull.nu\/index.php\/wp-json\/wp\/v2\/comments?post=2975"}],"version-history":[{"count":2,"href":"https:\/\/hoppfull.nu\/index.php\/wp-json\/wp\/v2\/posts\/2975\/revisions"}],"predecessor-version":[{"id":2977,"href":"https:\/\/hoppfull.nu\/index.php\/wp-json\/wp\/v2\/posts\/2975\/revisions\/2977"}],"wp:attachment":[{"href":"https:\/\/hoppfull.nu\/index.php\/wp-json\/wp\/v2\/media?parent=2975"}],"wp:term":[{"taxonomy":"category","embeddable":true,"href":"https:\/\/hoppfull.nu\/index.php\/wp-json\/wp\/v2\/categories?post=2975"},{"taxonomy":"post_tag","embeddable":true,"href":"https:\/\/hoppfull.nu\/index.php\/wp-json\/wp\/v2\/tags?post=2975"}],"curies":[{"name":"wp","href":"https:\/\/api.w.org\/{rel}","templated":true}]}}