{"id":260,"date":"2009-06-10T11:43:50","date_gmt":"2009-06-10T09:43:50","guid":{"rendered":"http:\/\/hoppfull.nu\/?p=260"},"modified":"2009-06-18T02:32:37","modified_gmt":"2009-06-18T00:32:37","slug":"fodelsedag","status":"publish","type":"post","link":"https:\/\/hoppfull.nu\/index.php\/2009\/06\/10\/fodelsedag\/","title":{"rendered":"F\u00f6delsedag"},"content":{"rendered":"<p>Idag fyller min exman \u00e5r, hoppas han f\u00e5r en bra dag men det f\u00e5r  han s\u00e4kert. Har inte haft n\u00e5gon kontakt alls med honom de tv\u00e5 senaste \u00e5ren. Tyv\u00e4rr. Jag har dock mailat honom en eller tv\u00e5 g\u00e5nger sedan dess eftersom han fortfarande har kvar lite saker som \u00e4r mina, eller jag antar att de \u00e4r kvar i n\u00e5gon l\u00e5da hos hans f\u00f6r\u00e4ldrar. Synd att det skulle sluta s\u00e5 h\u00e4r&#8230;<\/p>\n<p>&#8230;och s\u00e5 regnar det ute.<\/p>\n<div class=\"sharedaddy sd-sharing-enabled\"><div class=\"robots-nocontent sd-block sd-social sd-social-icon sd-sharing\"><h3 class=\"sd-title\">Dela:<\/h3><div class=\"sd-content\"><ul><li class=\"share-twitter\"><a rel=\"nofollow noopener noreferrer\" data-shared=\"sharing-twitter-260\" class=\"share-twitter sd-button share-icon no-text\" href=\"https:\/\/hoppfull.nu\/index.php\/2009\/06\/10\/fodelsedag\/?share=twitter\" target=\"_blank\" title=\"Klicka f\u00f6r att dela p\u00e5 Twitter\"><span><\/span><span class=\"sharing-screen-reader-text\">Klicka f\u00f6r att dela p\u00e5 Twitter (\u00d6ppnas i ett nytt f\u00f6nster)<\/span><\/a><\/li><li class=\"share-print\"><a rel=\"nofollow noopener noreferrer\" data-shared=\"\" class=\"share-print sd-button share-icon no-text\" href=\"https:\/\/hoppfull.nu\/index.php\/2009\/06\/10\/fodelsedag\/\" target=\"_blank\" title=\"Klicka f\u00f6r utskrift\"><span><\/span><span class=\"sharing-screen-reader-text\">Klicka f\u00f6r utskrift (\u00d6ppnas i ett nytt f\u00f6nster)<\/span><\/a><\/li><li class=\"share-pinterest\"><a rel=\"nofollow noopener noreferrer\" data-shared=\"sharing-pinterest-260\" class=\"share-pinterest sd-button share-icon no-text\" href=\"https:\/\/hoppfull.nu\/index.php\/2009\/06\/10\/fodelsedag\/?share=pinterest\" target=\"_blank\" title=\"Klicka f\u00f6r att dela till Pinterest\"><span><\/span><span class=\"sharing-screen-reader-text\">Klicka f\u00f6r att dela till Pinterest (\u00d6ppnas i ett nytt f\u00f6nster)<\/span><\/a><\/li><li class=\"share-end\"><\/li><\/ul><\/div><\/div><\/div>","protected":false},"excerpt":{"rendered":"<p class=\"excerpt\">Idag fyller min exman \u00e5r, hoppas han f\u00e5r en bra dag men det f\u00e5r han s\u00e4kert. Har inte haft n\u00e5gon kontakt alls med honom de tv\u00e5 senaste \u00e5ren. Tyv\u00e4rr. Jag har dock mailat honom en eller tv\u00e5 g\u00e5nger sedan dess eftersom han fortfarande har kvar lite saker som \u00e4r mina, eller jag antar att de \u00e4r kvar i n\u00e5gon l\u00e5da&hellip; <a href=\"https:\/\/hoppfull.nu\/index.php\/2009\/06\/10\/fodelsedag\/\">Read more &rarr;<\/a><\/p>\n<div class=\"sharedaddy sd-sharing-enabled\"><div class=\"robots-nocontent sd-block sd-social sd-social-icon sd-sharing\"><h3 class=\"sd-title\">Dela:<\/h3><div class=\"sd-content\"><ul><li class=\"share-twitter\"><a rel=\"nofollow noopener noreferrer\" data-shared=\"sharing-twitter-260\" class=\"share-twitter sd-button share-icon no-text\" href=\"https:\/\/hoppfull.nu\/index.php\/2009\/06\/10\/fodelsedag\/?share=twitter\" target=\"_blank\" title=\"Klicka f\u00f6r att dela p\u00e5 Twitter\"><span><\/span><span class=\"sharing-screen-reader-text\">Klicka f\u00f6r att dela p\u00e5 Twitter (\u00d6ppnas i ett nytt f\u00f6nster)<\/span><\/a><\/li><li class=\"share-print\"><a rel=\"nofollow noopener noreferrer\" data-shared=\"\" class=\"share-print sd-button share-icon no-text\" href=\"https:\/\/hoppfull.nu\/index.php\/2009\/06\/10\/fodelsedag\/\" target=\"_blank\" title=\"Klicka f\u00f6r utskrift\"><span><\/span><span class=\"sharing-screen-reader-text\">Klicka f\u00f6r utskrift (\u00d6ppnas i ett nytt f\u00f6nster)<\/span><\/a><\/li><li class=\"share-pinterest\"><a rel=\"nofollow noopener noreferrer\" data-shared=\"sharing-pinterest-260\" class=\"share-pinterest sd-button share-icon no-text\" href=\"https:\/\/hoppfull.nu\/index.php\/2009\/06\/10\/fodelsedag\/?share=pinterest\" target=\"_blank\" title=\"Klicka f\u00f6r att dela till Pinterest\"><span><\/span><span class=\"sharing-screen-reader-text\">Klicka f\u00f6r att dela till Pinterest (\u00d6ppnas i ett nytt f\u00f6nster)<\/span><\/a><\/li><li class=\"share-end\"><\/li><\/ul><\/div><\/div><\/div>","protected":false},"author":1,"featured_media":0,"comment_status":"open","ping_status":"open","sticky":false,"template":"","format":"standard","meta":{"spay_email":"","jetpack_publicize_message":"","jetpack_is_tweetstorm":false},"categories":[1],"tags":[25,41],"jetpack_featured_media_url":"","jetpack_publicize_connections":[],"jetpack_sharing_enabled":true,"jetpack_shortlink":"https:\/\/wp.me\/p23rAr-4c","jetpack-related-posts":[{"id":3150,"url":"https:\/\/hoppfull.nu\/index.php\/2013\/11\/09\/dromde-om-pappa\/","url_meta":{"origin":260,"position":0},"title":"Dr\u00f6mde om pappa","date":"09 november 2013, 14:55","format":false,"excerpt":"Tidigare i veckan dr\u00f6mde jag f\u00f6r f\u00f6rsta g\u00e5ngen om pappa, eller i alla fall f\u00f6rsta dr\u00f6mmen som jag kommer ih\u00e5g. Jag hade cyklat hem till min styvmor, allts\u00e5 hem till huset d\u00e4r jag sj\u00e4lv bodde fr\u00e5n jag var tolv tills jag flyttade hemifr\u00e5n. Detta \u00e4r n\u00e5got som jag inte skulle\u2026","rel":"","context":"I &quot;om vardagen&quot;","img":{"alt_text":"","src":"","width":0,"height":0},"classes":[]},{"id":2577,"url":"https:\/\/hoppfull.nu\/index.php\/2013\/03\/01\/nagra-slag-2\/","url_meta":{"origin":260,"position":1},"title":"N\u00e5gra slag","date":"01 mars 2013, 23:26","format":false,"excerpt":"N\u00e4r jag l\u00e4ser om kvinnan som blev ihj\u00e4lskjuten av sin pojkv\u00e4n blir jag ledsen. Ledsen och f\u00f6rbannad \u00f6ver att det ska beh\u00f6va h\u00e4nda. Att hon inte fick kontaktf\u00f6rbud \u00e4r obegripligt, kanske inte hade hj\u00e4lpt \u00e4nd\u00e5 men hon borde ha f\u00e5tt det. S\u00e5 m\u00e5nga andra skriver s\u00e4kert klokare saker om detta\u2026","rel":"","context":"I &quot;om vardagen&quot;","img":{"alt_text":"","src":"","width":0,"height":0},"classes":[]},{"id":3024,"url":"https:\/\/hoppfull.nu\/index.php\/2013\/08\/03\/ett-arv-rikare\/","url_meta":{"origin":260,"position":2},"title":"Ett arv rikare...","date":"03 augusti 2013, 01:07","format":false,"excerpt":"...och en pappa fattigare. Eller en pappa fattigare har jag ju varit sedan i december och ang\u00e5ende ett arv rikare s\u00e5 var det bara halva arvet som vi fick idag, allt i enlighet med pappas testamente. Fast helst av allt hade jag sluppit att f\u00e5 arvet utbetalat idag och haft\u2026","rel":"","context":"I &quot;om vardagen&quot;","img":{"alt_text":"","src":"","width":0,"height":0},"classes":[]},{"id":5062,"url":"https:\/\/hoppfull.nu\/index.php\/2017\/06\/05\/race-report-asics-stockholm-marathon-2017\/","url_meta":{"origin":260,"position":3},"title":"Race report: Asics Stockholm marathon 2017","date":"05 juni 2017, 23:58","format":false,"excerpt":"Ska jag verkligen g\u00f6ra det h\u00e4r redan, skriva om loppet allts\u00e5? Med tanke p\u00e5 att jag fortfarande inte har skrivit n\u00e5got om NY marathon, \u00d6ppet sp\u00e5r eller f\u00f6r den delen V\u00e4tternrundan. Tankarna och k\u00e4nslorna om loppet \u00e4r fortfarande lite \"all over the place\" f\u00f6r att anv\u00e4nda prins Daniels ord. Jag\u2026","rel":"","context":"I &quot;Race report&quot;","img":{"alt_text":"","src":"","width":0,"height":0},"classes":[]},{"id":1821,"url":"https:\/\/hoppfull.nu\/index.php\/2011\/10\/30\/trots-allt\/","url_meta":{"origin":260,"position":4},"title":"Trots allt","date":"30 oktober 2011, 20:09","format":false,"excerpt":"Mycket bra saker h\u00e4nder i mitt liv just nu... Min l\u00e4genhet \u00e4r s\u00e5ld och jag slipper snart detta hattande mellan tv\u00e5 hem, f\u00e5r bo med min \u00e4lskling p\u00e5 heltid. Jag har 10 pass kvar p\u00e5 mitt jobb, ett jobb som trots underbara arbetskamrater inte \u00e4r n\u00e5gon utmaning. Var p\u00e5 intervju\u2026","rel":"","context":"I &quot;om barnl\u00f6sheten&quot;","img":{"alt_text":"","src":"https:\/\/i0.wp.com\/hoppfull.nu\/wp-content\/uploads\/2011\/10\/iphone4s.jpg?resize=350%2C200","width":350,"height":200},"classes":[]},{"id":2033,"url":"https:\/\/hoppfull.nu\/index.php\/2012\/10\/08\/om-bloggandets-vara-eller-icke-vara\/","url_meta":{"origin":260,"position":5},"title":"Om bloggandets vara eller icke vara","date":"08 oktober 2012, 20:55","format":false,"excerpt":"Det var ett tag sedan, eller evigheter sedan f\u00f6r att vara exakt. Och nu vet jag inte om jag vill forts\u00e4tta eller inte. Fast jag tror jag vill forts\u00e4tta, men om jag vill g\u00f6ra det h\u00e4r eller n\u00e5gon annanstans vet jag inte. Saker och ting h\u00e4nder, livet f\u00f6r\u00e4ndras och det\u2026","rel":"","context":"I &quot;om vardagen&quot;","img":{"alt_text":"","src":"","width":0,"height":0},"classes":[]}],"jetpack_likes_enabled":true,"_links":{"self":[{"href":"https:\/\/hoppfull.nu\/index.php\/wp-json\/wp\/v2\/posts\/260"}],"collection":[{"href":"https:\/\/hoppfull.nu\/index.php\/wp-json\/wp\/v2\/posts"}],"about":[{"href":"https:\/\/hoppfull.nu\/index.php\/wp-json\/wp\/v2\/types\/post"}],"author":[{"embeddable":true,"href":"https:\/\/hoppfull.nu\/index.php\/wp-json\/wp\/v2\/users\/1"}],"replies":[{"embeddable":true,"href":"https:\/\/hoppfull.nu\/index.php\/wp-json\/wp\/v2\/comments?post=260"}],"version-history":[{"count":2,"href":"https:\/\/hoppfull.nu\/index.php\/wp-json\/wp\/v2\/posts\/260\/revisions"}],"predecessor-version":[{"id":306,"href":"https:\/\/hoppfull.nu\/index.php\/wp-json\/wp\/v2\/posts\/260\/revisions\/306"}],"wp:attachment":[{"href":"https:\/\/hoppfull.nu\/index.php\/wp-json\/wp\/v2\/media?parent=260"}],"wp:term":[{"taxonomy":"category","embeddable":true,"href":"https:\/\/hoppfull.nu\/index.php\/wp-json\/wp\/v2\/categories?post=260"},{"taxonomy":"post_tag","embeddable":true,"href":"https:\/\/hoppfull.nu\/index.php\/wp-json\/wp\/v2\/tags?post=260"}],"curies":[{"name":"wp","href":"https:\/\/api.w.org\/{rel}","templated":true}]}}