{"id":256,"date":"2009-06-09T00:47:18","date_gmt":"2009-06-08T22:47:18","guid":{"rendered":"http:\/\/hoppfull.nu\/?p=256"},"modified":"2009-06-09T00:47:18","modified_gmt":"2009-06-08T22:47:18","slug":"dag-3","status":"publish","type":"post","link":"https:\/\/hoppfull.nu\/index.php\/2009\/06\/09\/dag-3\/","title":{"rendered":"Dag 3"},"content":{"rendered":"<p>Tre dagar av de 30 har sprungit f\u00f6rbi. Idag har jag klippt mig och sen var jag till Viktv\u00e4ktarna s\u00e5 jag f\u00f6rs\u00f6ker fylla dagarna med n\u00e5got vettigt. I morgon kommer de och h\u00e4mtar mina inned\u00f6rrar f\u00f6r omlackering, men jag vet inte n\u00e4r de dyker upp s\u00e5 i morgon har jag inget inplanerat.<\/p>\n<p>H\u00e4rligt att ha lite kortare h\u00e5r igen, inte s\u00e5 stor skillnad f\u00f6rutom att de spretiga tesarna fram \u00e4r borta. Min underbara fris\u00f6r var lite sen s\u00e5 hon bj\u00f6d p\u00e5 en h\u00e5rinpackning, himla lent h\u00e5r fick jag. Satt n\u00e4stan och somnade, hade gjort det om det inte hade varit f\u00f6r att det inte \u00e4r s\u00e5 bekv\u00e4mt att sitta med nacken i &#8221;h\u00e5rtv\u00e4tten&#8221;&#8230;men de har i alla fall massage i stolarna.<\/p>\n<p>Och kv\u00e4llen tillbringades framf\u00f6r teven och Cityakuten, s\u00f6rjer lite f\u00f6r att n\u00e4sta avsnitt \u00e4r det sista &#8211; n\u00e5gonsin. Sen spelade jag Sims3, min Mia d\u00e4r har mer tur \u00e4n jag. Nygift och gravid. \ud83d\ude09<\/p>\n<p><img data-attachment-id=\"257\" data-permalink=\"https:\/\/hoppfull.nu\/index.php\/2009\/06\/09\/dag-3\/attachment\/090609\/\" data-orig-file=\"https:\/\/hoppfull.nu\/wp-content\/uploads\/2009\/06\/090609.jpg\" data-orig-size=\"609,491\" data-comments-opened=\"1\" data-image-meta=\"{&quot;aperture&quot;:&quot;0&quot;,&quot;credit&quot;:&quot;&quot;,&quot;camera&quot;:&quot;&quot;,&quot;caption&quot;:&quot;&quot;,&quot;created_timestamp&quot;:&quot;0&quot;,&quot;copyright&quot;:&quot;&quot;,&quot;focal_length&quot;:&quot;0&quot;,&quot;iso&quot;:&quot;0&quot;,&quot;shutter_speed&quot;:&quot;0&quot;,&quot;title&quot;:&quot;&quot;,&quot;orientation&quot;:&quot;0&quot;}\" data-image-title=\"Nygifta gravida Mia med maken Grady.\" data-image-description=\"\" data-medium-file=\"https:\/\/hoppfull.nu\/wp-content\/uploads\/2009\/06\/090609-300x241.jpg\" data-large-file=\"https:\/\/hoppfull.nu\/wp-content\/uploads\/2009\/06\/090609-600x483.jpg\" loading=\"lazy\" src=\"http:\/\/hoppfull.nu\/wp-content\/uploads\/2009\/06\/090609-300x241.jpg\" alt=\"Nygifta gravida Mia med maken Grady.\" title=\"Nygifta gravida Mia med maken Grady.\" width=\"300\" height=\"241\" class=\"aligncenter size-medium wp-image-257\" srcset=\"https:\/\/hoppfull.nu\/wp-content\/uploads\/2009\/06\/090609-300x241.jpg 300w, https:\/\/hoppfull.nu\/wp-content\/uploads\/2009\/06\/090609-600x483.jpg 600w, https:\/\/hoppfull.nu\/wp-content\/uploads\/2009\/06\/090609.jpg 609w\" sizes=\"(max-width: 300px) 100vw, 300px\" \/><\/p>\n<div class=\"sharedaddy sd-sharing-enabled\"><div class=\"robots-nocontent sd-block sd-social sd-social-icon sd-sharing\"><h3 class=\"sd-title\">Dela:<\/h3><div class=\"sd-content\"><ul><li class=\"share-twitter\"><a rel=\"nofollow noopener noreferrer\" data-shared=\"sharing-twitter-256\" class=\"share-twitter sd-button share-icon no-text\" href=\"https:\/\/hoppfull.nu\/index.php\/2009\/06\/09\/dag-3\/?share=twitter\" target=\"_blank\" title=\"Klicka f\u00f6r att dela p\u00e5 Twitter\"><span><\/span><span class=\"sharing-screen-reader-text\">Klicka f\u00f6r att dela p\u00e5 Twitter (\u00d6ppnas i ett nytt f\u00f6nster)<\/span><\/a><\/li><li class=\"share-print\"><a rel=\"nofollow noopener noreferrer\" data-shared=\"\" class=\"share-print sd-button share-icon no-text\" href=\"https:\/\/hoppfull.nu\/index.php\/2009\/06\/09\/dag-3\/\" target=\"_blank\" title=\"Klicka f\u00f6r utskrift\"><span><\/span><span class=\"sharing-screen-reader-text\">Klicka f\u00f6r utskrift (\u00d6ppnas i ett nytt f\u00f6nster)<\/span><\/a><\/li><li class=\"share-pinterest\"><a rel=\"nofollow noopener noreferrer\" data-shared=\"sharing-pinterest-256\" class=\"share-pinterest sd-button share-icon no-text\" href=\"https:\/\/hoppfull.nu\/index.php\/2009\/06\/09\/dag-3\/?share=pinterest\" target=\"_blank\" title=\"Klicka f\u00f6r att dela till Pinterest\"><span><\/span><span class=\"sharing-screen-reader-text\">Klicka f\u00f6r att dela till Pinterest (\u00d6ppnas i ett nytt f\u00f6nster)<\/span><\/a><\/li><li class=\"share-end\"><\/li><\/ul><\/div><\/div><\/div>","protected":false},"excerpt":{"rendered":"<p class=\"excerpt\">Tre dagar av de 30 har sprungit f\u00f6rbi. Idag har jag klippt mig och sen var jag till Viktv\u00e4ktarna s\u00e5 jag f\u00f6rs\u00f6ker fylla dagarna med n\u00e5got vettigt. I morgon kommer de och h\u00e4mtar mina inned\u00f6rrar f\u00f6r omlackering, men jag vet inte n\u00e4r de dyker upp s\u00e5 i morgon har jag inget inplanerat. H\u00e4rligt att ha lite kortare h\u00e5r igen, inte&hellip; <a href=\"https:\/\/hoppfull.nu\/index.php\/2009\/06\/09\/dag-3\/\">Read more &rarr;<\/a><\/p>\n<div class=\"sharedaddy sd-sharing-enabled\"><div class=\"robots-nocontent sd-block sd-social sd-social-icon sd-sharing\"><h3 class=\"sd-title\">Dela:<\/h3><div class=\"sd-content\"><ul><li class=\"share-twitter\"><a rel=\"nofollow noopener noreferrer\" data-shared=\"sharing-twitter-256\" class=\"share-twitter sd-button share-icon no-text\" href=\"https:\/\/hoppfull.nu\/index.php\/2009\/06\/09\/dag-3\/?share=twitter\" target=\"_blank\" title=\"Klicka f\u00f6r att dela p\u00e5 Twitter\"><span><\/span><span class=\"sharing-screen-reader-text\">Klicka f\u00f6r att dela p\u00e5 Twitter (\u00d6ppnas i ett nytt f\u00f6nster)<\/span><\/a><\/li><li class=\"share-print\"><a rel=\"nofollow noopener noreferrer\" data-shared=\"\" class=\"share-print sd-button share-icon no-text\" href=\"https:\/\/hoppfull.nu\/index.php\/2009\/06\/09\/dag-3\/\" target=\"_blank\" title=\"Klicka f\u00f6r utskrift\"><span><\/span><span class=\"sharing-screen-reader-text\">Klicka f\u00f6r utskrift (\u00d6ppnas i ett nytt f\u00f6nster)<\/span><\/a><\/li><li class=\"share-pinterest\"><a rel=\"nofollow noopener noreferrer\" data-shared=\"sharing-pinterest-256\" class=\"share-pinterest sd-button share-icon no-text\" href=\"https:\/\/hoppfull.nu\/index.php\/2009\/06\/09\/dag-3\/?share=pinterest\" target=\"_blank\" title=\"Klicka f\u00f6r att dela till Pinterest\"><span><\/span><span class=\"sharing-screen-reader-text\">Klicka f\u00f6r att dela till Pinterest (\u00d6ppnas i ett nytt f\u00f6nster)<\/span><\/a><\/li><li class=\"share-end\"><\/li><\/ul><\/div><\/div><\/div>","protected":false},"author":1,"featured_media":0,"comment_status":"open","ping_status":"open","sticky":false,"template":"","format":"standard","meta":{"spay_email":"","jetpack_publicize_message":"","jetpack_is_tweetstorm":false},"categories":[1],"tags":[14,40],"jetpack_featured_media_url":"","jetpack_publicize_connections":[],"jetpack_sharing_enabled":true,"jetpack_shortlink":"https:\/\/wp.me\/p23rAr-48","jetpack-related-posts":[{"id":5024,"url":"https:\/\/hoppfull.nu\/index.php\/2017\/05\/25\/ater-till-kaoset\/","url_meta":{"origin":256,"position":0},"title":"\u00c5ter till kaoset!","date":"25 maj 2017, 23:33","format":false,"excerpt":"Efter tv\u00e5 lugna sk\u00f6na dagar s\u00e5 \u00e4r det i morgon som kaoset \u00e5terkommer. I morgon bitti kommer mina 54 flyttkartonger och mina m\u00f6bler. Jag kan inte s\u00e4ga att jag direkt ser fram emot det, eller jo, det g\u00f6r jag ju egentligen. Framf\u00f6r allt l\u00e4ngtar jag efter mina sk\u00f6na s\u00e4ng efter\u2026","rel":"","context":"I &quot;om vardagen&quot;","img":{"alt_text":"","src":"","width":0,"height":0},"classes":[]},{"id":672,"url":"https:\/\/hoppfull.nu\/index.php\/2009\/08\/23\/om-allt-och-inget-och-lite-till\/","url_meta":{"origin":256,"position":1},"title":"Om allt och inget och lite till","date":"23 augusti 2009, 22:58","format":false,"excerpt":"S\u00f6ndagen och helgen \u00e4r \u00f6ver f\u00f6r denna g\u00e5ng, som vanligt gick det alldeles f\u00f6r snabbt. Har varit en bra helg, faktiskt. Inte f\u00f6r att jag gjort n\u00e5got speciellt eller hade n\u00e5gra planer. S\u00e5 ofta f\u00e5r jag fr\u00e5gan om vad jag har planerat n\u00e4r jag ska vara ledig ett par dagar,\u2026","rel":"","context":"I &quot;om vardagen&quot;","img":{"alt_text":"Ny temugg, fin men inte s\u00c3\u00a5 sk\u00c3\u00b6n att dricka ur.","src":"https:\/\/i2.wp.com\/hoppfull.nu\/wp-content\/uploads\/2009\/08\/090823.jpg?resize=350%2C200","width":350,"height":200},"classes":[]},{"id":434,"url":"https:\/\/hoppfull.nu\/index.php\/2009\/07\/04\/ensam-2\/","url_meta":{"origin":256,"position":2},"title":"Ensam","date":"04 juli 2009, 01:29","format":false,"excerpt":"Har f\u00f6r mindre \u00e4n en timme sedan kommit hem fr\u00e5n Gotland d\u00e4r jag varit n\u00e5gra dagar. Min styvsyster bor sedan n\u00e5gra \u00e5r tillbaka d\u00e4r och jag har varit allt f\u00f6r d\u00e5lig att h\u00e4lsa p\u00e5, det h\u00e4r var faktiskt min f\u00f6rsta bes\u00f6k trots att hon bott d\u00e4r ett par \u00e5r. F\u00f6rra\u2026","rel":"","context":"I &quot;m\u00e5 bra&quot;","img":{"alt_text":"","src":"","width":0,"height":0},"classes":[]},{"id":375,"url":"https:\/\/hoppfull.nu\/index.php\/2009\/06\/22\/veckan-over\/","url_meta":{"origin":256,"position":3},"title":"Veckan \u00f6ver","date":"22 juni 2009, 00:33","format":false,"excerpt":"C var upptagen, s\u00e5 jag blev \"all by myself\" idag. :( Men men, jag har lyckats f\u00f6rdriva dagen i alla fall, men inte gjort n\u00e5got vettigt. F\u00e5tt min dagliga promenad och \u00e4ven den obligatoriska regnskuren (s\u00e5 klart). Har ont i magen ocks\u00e5 ty jag har syndat. Det f\u00f6ljde med mig\u2026","rel":"","context":"I &quot;om barnl\u00f6sheten&quot;","img":{"alt_text":"","src":"","width":0,"height":0},"classes":[]},{"id":185,"url":"https:\/\/hoppfull.nu\/index.php\/2009\/04\/23\/jag-vet\/","url_meta":{"origin":256,"position":4},"title":"Jag vet...","date":"23 april 2009, 02:13","format":false,"excerpt":"...att det borde ha varit sovdags f\u00f6r l\u00e4nge sedan, men jag \u00e4r mig lik tyv\u00e4rr. Sitter i s\u00e4ngen och funderar p\u00e5 tapetval och jag tror jag har best\u00e4mt mig. Det \u00e4r n\u00e4mligen dags f\u00f6r mig att f\u00e5 nya tapeter i hela l\u00e4genheten med start i morgon - underbart! De ringde\u2026","rel":"","context":"I &quot;om barnl\u00f6sheten&quot;","img":{"alt_text":"","src":"","width":0,"height":0},"classes":[]},{"id":5052,"url":"https:\/\/hoppfull.nu\/index.php\/2017\/06\/02\/i-morgon-galler-det\/","url_meta":{"origin":256,"position":5},"title":"I morgon g\u00e4ller det","date":"02 juni 2017, 22:26","format":false,"excerpt":"I morgon \u00e4r det dags, mitt andra marathon. Hj\u00e4lp. Jag som sedan l\u00e4nge slutat vara nerv\u00f6s inf\u00f6r lopp (jag var exempelvis inte nerv\u00f6s inf\u00f6r NY marathon) har sedan ig\u00e5r kv\u00e4ll g\u00e5tt med fj\u00e4rilar i magen. Jag sov oroligt och hade n\u00e5gon sorts mardr\u00f6m om att jag missade starten. S\u00e5 ja,\u2026","rel":"","context":"I &quot;om l\u00f6pningen&quot;","img":{"alt_text":"","src":"","width":0,"height":0},"classes":[]}],"jetpack_likes_enabled":true,"_links":{"self":[{"href":"https:\/\/hoppfull.nu\/index.php\/wp-json\/wp\/v2\/posts\/256"}],"collection":[{"href":"https:\/\/hoppfull.nu\/index.php\/wp-json\/wp\/v2\/posts"}],"about":[{"href":"https:\/\/hoppfull.nu\/index.php\/wp-json\/wp\/v2\/types\/post"}],"author":[{"embeddable":true,"href":"https:\/\/hoppfull.nu\/index.php\/wp-json\/wp\/v2\/users\/1"}],"replies":[{"embeddable":true,"href":"https:\/\/hoppfull.nu\/index.php\/wp-json\/wp\/v2\/comments?post=256"}],"version-history":[{"count":2,"href":"https:\/\/hoppfull.nu\/index.php\/wp-json\/wp\/v2\/posts\/256\/revisions"}],"predecessor-version":[{"id":259,"href":"https:\/\/hoppfull.nu\/index.php\/wp-json\/wp\/v2\/posts\/256\/revisions\/259"}],"wp:attachment":[{"href":"https:\/\/hoppfull.nu\/index.php\/wp-json\/wp\/v2\/media?parent=256"}],"wp:term":[{"taxonomy":"category","embeddable":true,"href":"https:\/\/hoppfull.nu\/index.php\/wp-json\/wp\/v2\/categories?post=256"},{"taxonomy":"post_tag","embeddable":true,"href":"https:\/\/hoppfull.nu\/index.php\/wp-json\/wp\/v2\/tags?post=256"}],"curies":[{"name":"wp","href":"https:\/\/api.w.org\/{rel}","templated":true}]}}