{"id":2489,"date":"2013-02-17T23:49:03","date_gmt":"2013-02-17T22:49:03","guid":{"rendered":"http:\/\/hoppfull.nu\/?p=2489"},"modified":"2013-02-17T23:57:41","modified_gmt":"2013-02-17T22:57:41","slug":"idag-ar-jag-bara-arg","status":"publish","type":"post","link":"https:\/\/hoppfull.nu\/index.php\/2013\/02\/17\/idag-ar-jag-bara-arg\/","title":{"rendered":"Idag \u00e4r jag bara arg"},"content":{"rendered":"<p>Arg p\u00e5 pappa f\u00f6r att han gick och dog. Arg f\u00f6r att han l\u00e4mnade min styvmor ensam. Arg f\u00f6r att han \u00e4r en av anledningarna till att min syster m\u00e5r d\u00e5lig. Arg f\u00f6r att allt som m\u00e5ste tas om hand om bara f\u00f6r att han dog. Arg f\u00f6r att han gjort mig f\u00f6r\u00e4ldral\u00f6s (fast\u00e4n jag tekniskt sett inte \u00e4r det eftersom min s\u00e5 kallade mor fortfarande \u00e4r i livet). Arg f\u00f6r att jag ocks\u00e5 \u00e4r ledsen. Arg f\u00f6r att jag \u00e4r ensam. Arg. Arg. Arg.<\/p>\n<p>S\u00e5 idag t\u00e4nde jag ljuset vid hans fotografi i arg protest. Kan l\u00e5ta konstigt, att t\u00e4nda ett ljus i protest, men jag vet att han skulle ha tyckt att det bara var dumheter att g\u00f6ra s\u00e5, att t\u00e4nda ett ljus f\u00f6r hans skull ist\u00e4llet f\u00f6r att bara forts\u00e4tta med v\u00e5ra liv som om han inte hade d\u00f6tt, som om han inte f\u00f6rsvunnit ur v\u00e5ra liv. Kan framf\u00f6r mig se och h\u00f6ra precis vad han skulle s\u00e4ga, muttrande. S\u00e5 idag t\u00e4nde jag ljuset och pratade argt med honom, sa att han inte hade n\u00e5got att s\u00e4ga till om l\u00e4ngre eftersom han gick och dog&#8230;.och tillade sen att han visserligen inte hade haft s\u00e5 mycket att s\u00e4ga till om innan han dog heller men att han \u00e5tminstone hade f\u00e5tt komma med \u00e5sikter. <\/p>\n<p>I morgon \u00e4r det bouppteckning som jag och mina syskon \u00e4r kallade till, plus styvmor d\u00e5 s\u00e5 klart. Jag har valt att inte g\u00e5, precis som min syster, men min bror ska dit och f\u00e5r ber\u00e4tta sen. Anledning till varf\u00f6r jag v\u00e4ljer att inte g\u00e5 \u00e4r f\u00f6r att jag k\u00e4nner att jag inte orkar eftersom jag under tv\u00e5 veckor bara har endagsledigt vid tv\u00e5 tillf\u00e4llen. Att d\u00e5 p\u00e5 en ledig dag \u00e5ka &#8221;hem&#8221; fram och tillbaka tar f\u00f6r mycket tid och ork just nu. Ist\u00e4llet t\u00e4nker jag i morgon g\u00e5 och protestt\u00e4nda ljus vid minneslunden &#8211; &#8221;ha, d\u00e4r f\u00e5r du f\u00f6r att du gick och dog!&#8221; <\/p>\n<p>N\u00e4r jag satt och surfade runt idag s\u00e5 hittade jag ett h\u00e4rligt reportage fr\u00e5n 1960-talet, om en syskonskara vid Hepovattnet. Vid Heppvattnet har jag spenderat m\u00e5nga somrar d\u00e5 vi har sommarstuga i omr\u00e5det och jag minns brorsonen Stig som en sur och grinig \u00e4ldre man som jag var lite r\u00e4dd f\u00f6r. Men hans hundar tyckte jag om! Det som \u00e4r extra roligt med filmen \u00e4r den h\u00e4rliga essedialekten som syskonen pratar, s\u00e5 som farmor och farfar pratade. S\u00e5 som pappa pratade (fast kanske inte riktigt lika grovt) varenda g\u00e5ng n\u00e4r vi var i Finland eller n\u00e4r han pratade i telefon med dem hemifr\u00e5n, \u00f6vriga stunder pratade han &#8221;svenska&#8221;.(Filmen \u00e4r ganska l\u00e5ng men vill man h\u00f6ra exempel p\u00e5 dialekten s\u00e5 kan man exempelvis lyssna fr\u00e5n 1 minut och fram\u00e5t och vid 9:30 och fram\u00e5t.) H\u00e4r finns <a href=\"http:\/\/svenska.yle.fi\/arkivet\/artikkelit\/syskonen_vid_hepovattnet_61359.html#media=61366\">filmen<\/a>!<\/p>\n<p>&#8221;He somb ja ha kunnat, s\u00e5 di kan ja!&#8221;<\/p>\n<p><em>Nr 26 av #blogg 100.<\/em><\/p>\n<div class=\"sharedaddy sd-sharing-enabled\"><div class=\"robots-nocontent sd-block sd-social sd-social-icon sd-sharing\"><h3 class=\"sd-title\">Dela:<\/h3><div class=\"sd-content\"><ul><li class=\"share-twitter\"><a rel=\"nofollow noopener noreferrer\" data-shared=\"sharing-twitter-2489\" class=\"share-twitter sd-button share-icon no-text\" href=\"https:\/\/hoppfull.nu\/index.php\/2013\/02\/17\/idag-ar-jag-bara-arg\/?share=twitter\" target=\"_blank\" title=\"Klicka f\u00f6r att dela p\u00e5 Twitter\"><span><\/span><span class=\"sharing-screen-reader-text\">Klicka f\u00f6r att dela p\u00e5 Twitter (\u00d6ppnas i ett nytt f\u00f6nster)<\/span><\/a><\/li><li class=\"share-print\"><a rel=\"nofollow noopener noreferrer\" data-shared=\"\" class=\"share-print sd-button share-icon no-text\" href=\"https:\/\/hoppfull.nu\/index.php\/2013\/02\/17\/idag-ar-jag-bara-arg\/\" target=\"_blank\" title=\"Klicka f\u00f6r utskrift\"><span><\/span><span class=\"sharing-screen-reader-text\">Klicka f\u00f6r utskrift (\u00d6ppnas i ett nytt f\u00f6nster)<\/span><\/a><\/li><li class=\"share-pinterest\"><a rel=\"nofollow noopener noreferrer\" data-shared=\"sharing-pinterest-2489\" class=\"share-pinterest sd-button share-icon no-text\" href=\"https:\/\/hoppfull.nu\/index.php\/2013\/02\/17\/idag-ar-jag-bara-arg\/?share=pinterest\" target=\"_blank\" title=\"Klicka f\u00f6r att dela till Pinterest\"><span><\/span><span class=\"sharing-screen-reader-text\">Klicka f\u00f6r att dela till Pinterest (\u00d6ppnas i ett nytt f\u00f6nster)<\/span><\/a><\/li><li class=\"share-end\"><\/li><\/ul><\/div><\/div><\/div>","protected":false},"excerpt":{"rendered":"<p class=\"excerpt\">Arg p\u00e5 pappa f\u00f6r att han gick och dog. Arg f\u00f6r att han l\u00e4mnade min styvmor ensam. Arg f\u00f6r att han \u00e4r en av anledningarna till att min syster m\u00e5r d\u00e5lig. Arg f\u00f6r att allt som m\u00e5ste tas om hand om bara f\u00f6r att han dog. Arg f\u00f6r att han gjort mig f\u00f6r\u00e4ldral\u00f6s (fast\u00e4n jag tekniskt sett inte \u00e4r det&hellip; <a href=\"https:\/\/hoppfull.nu\/index.php\/2013\/02\/17\/idag-ar-jag-bara-arg\/\">Read more &rarr;<\/a><\/p>\n<div class=\"sharedaddy sd-sharing-enabled\"><div class=\"robots-nocontent sd-block sd-social sd-social-icon sd-sharing\"><h3 class=\"sd-title\">Dela:<\/h3><div class=\"sd-content\"><ul><li class=\"share-twitter\"><a rel=\"nofollow noopener noreferrer\" data-shared=\"sharing-twitter-2489\" class=\"share-twitter sd-button share-icon no-text\" href=\"https:\/\/hoppfull.nu\/index.php\/2013\/02\/17\/idag-ar-jag-bara-arg\/?share=twitter\" target=\"_blank\" title=\"Klicka f\u00f6r att dela p\u00e5 Twitter\"><span><\/span><span class=\"sharing-screen-reader-text\">Klicka f\u00f6r att dela p\u00e5 Twitter (\u00d6ppnas i ett nytt f\u00f6nster)<\/span><\/a><\/li><li class=\"share-print\"><a rel=\"nofollow noopener noreferrer\" data-shared=\"\" class=\"share-print sd-button share-icon no-text\" href=\"https:\/\/hoppfull.nu\/index.php\/2013\/02\/17\/idag-ar-jag-bara-arg\/\" target=\"_blank\" title=\"Klicka f\u00f6r utskrift\"><span><\/span><span class=\"sharing-screen-reader-text\">Klicka f\u00f6r utskrift (\u00d6ppnas i ett nytt f\u00f6nster)<\/span><\/a><\/li><li class=\"share-pinterest\"><a rel=\"nofollow noopener noreferrer\" data-shared=\"sharing-pinterest-2489\" class=\"share-pinterest sd-button share-icon no-text\" href=\"https:\/\/hoppfull.nu\/index.php\/2013\/02\/17\/idag-ar-jag-bara-arg\/?share=pinterest\" target=\"_blank\" title=\"Klicka f\u00f6r att dela till Pinterest\"><span><\/span><span class=\"sharing-screen-reader-text\">Klicka f\u00f6r att dela till Pinterest (\u00d6ppnas i ett nytt f\u00f6nster)<\/span><\/a><\/li><li class=\"share-end\"><\/li><\/ul><\/div><\/div><\/div>","protected":false},"author":1,"featured_media":0,"comment_status":"open","ping_status":"open","sticky":false,"template":"","format":"standard","meta":{"spay_email":"","jetpack_publicize_message":"Idag \u00e4r jag bara arg #blogg100","jetpack_is_tweetstorm":false},"categories":[1],"tags":[359,384,91,344,97],"jetpack_featured_media_url":"","jetpack_publicize_connections":[],"jetpack_sharing_enabled":true,"jetpack_shortlink":"https:\/\/wp.me\/p23rAr-E9","jetpack-related-posts":[{"id":23,"url":"https:\/\/hoppfull.nu\/index.php\/2009\/02\/17\/blir-sa-arg\/","url_meta":{"origin":2489,"position":0},"title":"Blir s\u00e5 arg!!!","date":"17 februari 2009, 22:53","format":false,"excerpt":"Allts\u00e5, jag vet att de f\u00f6rbaskade kv\u00e4llstidningarna inte \u00e4r bra journalistik men \u00e4nd\u00e5 kan jag inte l\u00e5ta bli att l\u00e4sa dem ibland. Ibland blir man arg, eller snarare uppr\u00f6rd, av det man l\u00e4ser. Idag var en s\u00e5n dag. I Aftonbladet finns artikeln \"Gravid p\u00e5 nolltid - h\u00e4r \u00e4r 9 genv\u00e4gar!\"\u2026","rel":"","context":"I &quot;om barnl\u00f6sheten&quot;","img":{"alt_text":"","src":"","width":0,"height":0},"classes":[]},{"id":2505,"url":"https:\/\/hoppfull.nu\/index.php\/2013\/02\/19\/lite-svammel\/","url_meta":{"origin":2489,"position":1},"title":"Lite svammel s\u00e5 \u00e4r p\u00e5 kv\u00e4llskvisten","date":"19 februari 2013, 23:13","format":false,"excerpt":"Jag tror minsann att jag fortfarande g\u00e5r omkring och \u00e4r lite arg, jag kan inte skaka av mig k\u00e4nslan och idag har jag varit mer l\u00e4ttretlig \u00e4n vanligt. Jag tror dock inte att detta har varit s\u00e5 uppenbart f\u00f6r de flesta av mina jobbarkompisar, jag har nog varit mitt vanliga\u2026","rel":"","context":"I &quot;om vardagen&quot;","img":{"alt_text":"","src":"","width":0,"height":0},"classes":[]},{"id":2188,"url":"https:\/\/hoppfull.nu\/index.php\/2012\/12\/17\/att-valja-kista-sa-overkligt\/","url_meta":{"origin":2489,"position":2},"title":"Att v\u00e4lja kista, s\u00e5 overkligt","date":"17 december 2012, 23:28","format":false,"excerpt":"Idag var jag, min styvmor, storasyster och storebror till begravningsbyr\u00e5n. Det var dags att best\u00e4mma hur vi vill ha pappas begravning och det praktiska runt omkring. Jag, som tycker att det \u00e4r jobbigt att umg\u00e5s med min familj i situationer d\u00e4r k\u00e4nslor \u00e4r inblandade, tvingade mig sj\u00e4lv att vara med.\u2026","rel":"","context":"I &quot;om vardagen&quot;","img":{"alt_text":"","src":"","width":0,"height":0},"classes":[]},{"id":2967,"url":"https:\/\/hoppfull.nu\/index.php\/2013\/05\/17\/hur-kan-det-ha-gatt-ett-halvar\/","url_meta":{"origin":2489,"position":3},"title":"Hur kan det ha g\u00e5tt ett halv\u00e5r?!","date":"17 maj 2013, 14:13","format":false,"excerpt":"Fotografiet ovan \u00e4r tagen f\u00f6r ganska exakt ett halv\u00e5r sedan. Jag \u00e4r f\u00f6r f\u00f6rsta g\u00e5ngen ensam (med katterna) i min nya l\u00e4genhet, jag sitter p\u00e5 min ihoprullade b\u00e4ddmadrass och tittar ut \u00f6ver hela mitt bohag och undrar vad jag ska b\u00f6rja n\u00e5gonstans. Bara n\u00e5gra minuter tidigare har jag sagt hej\u2026","rel":"","context":"I &quot;om vardagen&quot;","img":{"alt_text":"","src":"","width":0,"height":0},"classes":[]},{"id":2957,"url":"https:\/\/hoppfull.nu\/index.php\/2013\/05\/11\/21-veckor-idag\/","url_meta":{"origin":2489,"position":4},"title":"21 veckor idag","date":"11 maj 2013, 00:24","format":false,"excerpt":"Tiden g\u00e5r. S\u00e5 m\u00e5nga veckor sedan det h\u00e4nde nu, lilla pappa - saknar dig. Det n\u00e4rmar sig en halv\u00e5rsdag, n\u00e4sta vecka har jag bott i den h\u00e4r l\u00e4genheten ett halv\u00e5r. D\u00e5 \u00e4r det ocks\u00e5 ett halv\u00e5r sedan jag s\u00e5g dig i livet. Ett halv\u00e5r? Hur kan det redan vara ett\u2026","rel":"","context":"I &quot;om vardagen&quot;","img":{"alt_text":"","src":"","width":0,"height":0},"classes":[]},{"id":3530,"url":"https:\/\/hoppfull.nu\/index.php\/2014\/05\/28\/sa-ska-man-inte-gora\/","url_meta":{"origin":2489,"position":5},"title":"S\u00e5 ska man inte g\u00f6ra","date":"28 maj 2014, 23:27","format":false,"excerpt":"Om jag sk\u00e4llde ut en kirurg under p\u00e5g\u00e5ende operation idag? Ja, jag r\u00e5kade visst g\u00f6ra det. Om jag \u00e4r stolt \u00f6ver det? Nej, \u00e4r jag inte. Om kirurgen f\u00f6rtj\u00e4nade det? Ja, verkligen. Till slut kommer man till en punkt d\u00e5 man inte st\u00e5r ut med att bli kr\u00e4nkt av personen\u2026","rel":"","context":"I &quot;om vardagen&quot;","img":{"alt_text":"","src":"","width":0,"height":0},"classes":[]}],"jetpack_likes_enabled":true,"_links":{"self":[{"href":"https:\/\/hoppfull.nu\/index.php\/wp-json\/wp\/v2\/posts\/2489"}],"collection":[{"href":"https:\/\/hoppfull.nu\/index.php\/wp-json\/wp\/v2\/posts"}],"about":[{"href":"https:\/\/hoppfull.nu\/index.php\/wp-json\/wp\/v2\/types\/post"}],"author":[{"embeddable":true,"href":"https:\/\/hoppfull.nu\/index.php\/wp-json\/wp\/v2\/users\/1"}],"replies":[{"embeddable":true,"href":"https:\/\/hoppfull.nu\/index.php\/wp-json\/wp\/v2\/comments?post=2489"}],"version-history":[{"count":6,"href":"https:\/\/hoppfull.nu\/index.php\/wp-json\/wp\/v2\/posts\/2489\/revisions"}],"predecessor-version":[{"id":2494,"href":"https:\/\/hoppfull.nu\/index.php\/wp-json\/wp\/v2\/posts\/2489\/revisions\/2494"}],"wp:attachment":[{"href":"https:\/\/hoppfull.nu\/index.php\/wp-json\/wp\/v2\/media?parent=2489"}],"wp:term":[{"taxonomy":"category","embeddable":true,"href":"https:\/\/hoppfull.nu\/index.php\/wp-json\/wp\/v2\/categories?post=2489"},{"taxonomy":"post_tag","embeddable":true,"href":"https:\/\/hoppfull.nu\/index.php\/wp-json\/wp\/v2\/tags?post=2489"}],"curies":[{"name":"wp","href":"https:\/\/api.w.org\/{rel}","templated":true}]}}