{"id":2485,"date":"2013-02-16T22:59:40","date_gmt":"2013-02-16T21:59:40","guid":{"rendered":"http:\/\/hoppfull.nu\/?p=2485"},"modified":"2013-02-16T22:59:40","modified_gmt":"2013-02-16T21:59:40","slug":"forsta-delmalet-avklarat","status":"publish","type":"post","link":"https:\/\/hoppfull.nu\/index.php\/2013\/02\/16\/forsta-delmalet-avklarat\/","title":{"rendered":"F\u00f6rsta delm\u00e5let avklarat!"},"content":{"rendered":"<p>Idag var det dags f\u00f6r v\u00e4gning igen, eller officiell v\u00e4gning i alla fall. Det visade sig att jag inte var allt f\u00f6r tidigt med min <a href=\"http:\/\/hoppfull.nu\/index.php\/2013\/02\/14\/alla-hjartans-dag\/\" target=\"_blank\">bel\u00f6ning<\/a> eftersom v\u00e5gen idag visade <a href=\"http:\/\/hoppfull.nu\/index.php\/siffror\/\" target=\"_blank\">85 kg<\/a>. Mycket n\u00f6jd! \ud83d\ude42<\/p>\n<p><em>Nr 25 av #blogg 100.<\/em><\/p>\n<div class=\"sharedaddy sd-sharing-enabled\"><div class=\"robots-nocontent sd-block sd-social sd-social-icon sd-sharing\"><h3 class=\"sd-title\">Dela:<\/h3><div class=\"sd-content\"><ul><li class=\"share-twitter\"><a rel=\"nofollow noopener noreferrer\" data-shared=\"sharing-twitter-2485\" class=\"share-twitter sd-button share-icon no-text\" href=\"https:\/\/hoppfull.nu\/index.php\/2013\/02\/16\/forsta-delmalet-avklarat\/?share=twitter\" target=\"_blank\" title=\"Klicka f\u00f6r att dela p\u00e5 Twitter\"><span><\/span><span class=\"sharing-screen-reader-text\">Klicka f\u00f6r att dela p\u00e5 Twitter (\u00d6ppnas i ett nytt f\u00f6nster)<\/span><\/a><\/li><li class=\"share-print\"><a rel=\"nofollow noopener noreferrer\" data-shared=\"\" class=\"share-print sd-button share-icon no-text\" href=\"https:\/\/hoppfull.nu\/index.php\/2013\/02\/16\/forsta-delmalet-avklarat\/\" target=\"_blank\" title=\"Klicka f\u00f6r utskrift\"><span><\/span><span class=\"sharing-screen-reader-text\">Klicka f\u00f6r utskrift (\u00d6ppnas i ett nytt f\u00f6nster)<\/span><\/a><\/li><li class=\"share-pinterest\"><a rel=\"nofollow noopener noreferrer\" data-shared=\"sharing-pinterest-2485\" class=\"share-pinterest sd-button share-icon no-text\" href=\"https:\/\/hoppfull.nu\/index.php\/2013\/02\/16\/forsta-delmalet-avklarat\/?share=pinterest\" target=\"_blank\" title=\"Klicka f\u00f6r att dela till Pinterest\"><span><\/span><span class=\"sharing-screen-reader-text\">Klicka f\u00f6r att dela till Pinterest (\u00d6ppnas i ett nytt f\u00f6nster)<\/span><\/a><\/li><li class=\"share-end\"><\/li><\/ul><\/div><\/div><\/div>","protected":false},"excerpt":{"rendered":"<p class=\"excerpt\">Idag var det dags f\u00f6r v\u00e4gning igen, eller officiell v\u00e4gning i alla fall. Det visade sig att jag inte var allt f\u00f6r tidigt med min bel\u00f6ning eftersom v\u00e5gen idag visade 85 kg. Mycket n\u00f6jd! \ud83d\ude42 Nr 25 av #blogg 100. <a href=\"https:\/\/hoppfull.nu\/index.php\/2013\/02\/16\/forsta-delmalet-avklarat\/\">Read more &rarr;<\/a><\/p>\n<div class=\"sharedaddy sd-sharing-enabled\"><div class=\"robots-nocontent sd-block sd-social sd-social-icon sd-sharing\"><h3 class=\"sd-title\">Dela:<\/h3><div class=\"sd-content\"><ul><li class=\"share-twitter\"><a rel=\"nofollow noopener noreferrer\" data-shared=\"sharing-twitter-2485\" class=\"share-twitter sd-button share-icon no-text\" href=\"https:\/\/hoppfull.nu\/index.php\/2013\/02\/16\/forsta-delmalet-avklarat\/?share=twitter\" target=\"_blank\" title=\"Klicka f\u00f6r att dela p\u00e5 Twitter\"><span><\/span><span class=\"sharing-screen-reader-text\">Klicka f\u00f6r att dela p\u00e5 Twitter (\u00d6ppnas i ett nytt f\u00f6nster)<\/span><\/a><\/li><li class=\"share-print\"><a rel=\"nofollow noopener noreferrer\" data-shared=\"\" class=\"share-print sd-button share-icon no-text\" href=\"https:\/\/hoppfull.nu\/index.php\/2013\/02\/16\/forsta-delmalet-avklarat\/\" target=\"_blank\" title=\"Klicka f\u00f6r utskrift\"><span><\/span><span class=\"sharing-screen-reader-text\">Klicka f\u00f6r utskrift (\u00d6ppnas i ett nytt f\u00f6nster)<\/span><\/a><\/li><li class=\"share-pinterest\"><a rel=\"nofollow noopener noreferrer\" data-shared=\"sharing-pinterest-2485\" class=\"share-pinterest sd-button share-icon no-text\" href=\"https:\/\/hoppfull.nu\/index.php\/2013\/02\/16\/forsta-delmalet-avklarat\/?share=pinterest\" target=\"_blank\" title=\"Klicka f\u00f6r att dela till Pinterest\"><span><\/span><span class=\"sharing-screen-reader-text\">Klicka f\u00f6r att dela till Pinterest (\u00d6ppnas i ett nytt f\u00f6nster)<\/span><\/a><\/li><li class=\"share-end\"><\/li><\/ul><\/div><\/div><\/div>","protected":false},"author":1,"featured_media":0,"comment_status":"open","ping_status":"open","sticky":false,"template":"","format":"standard","meta":{"spay_email":"","jetpack_publicize_message":"F\u00f6rsta delm\u00e5let avklarat! #blogg100","jetpack_is_tweetstorm":false},"categories":[9],"tags":[359,383],"jetpack_featured_media_url":"","jetpack_publicize_connections":[],"jetpack_sharing_enabled":true,"jetpack_shortlink":"https:\/\/wp.me\/p23rAr-E5","jetpack-related-posts":[{"id":79,"url":"https:\/\/hoppfull.nu\/index.php\/2009\/03\/30\/siffror\/","url_meta":{"origin":2485,"position":0},"title":"Siffror","date":"30 mars 2009, 22:11","format":false,"excerpt":"En bra sifferdag idag! B\u00f6rjade med att st\u00e4lla mig p\u00e5 v\u00e5gen eftersom det var m\u00e5ndag. \u00c4ntligen en 7:a som f\u00f6rsta siffra - tjoho! Sen blev det en promenad, lunch och sen en sv\u00e4ng till gymmet. Och efter det var det \u00e5ter dags f\u00f6r v\u00e4gning, denna g\u00e5ng hos VV. Bra siffror\u2026","rel":"","context":"I &quot;om tr\u00e4ningen&quot;","img":{"alt_text":"","src":"","width":0,"height":0},"classes":[]},{"id":3803,"url":"https:\/\/hoppfull.nu\/index.php\/2015\/04\/17\/vecka-19\/","url_meta":{"origin":2485,"position":1},"title":"Vecka 19","date":"17 april 2015, 14:29","format":false,"excerpt":"\u00c4nnu en vecka avklarad, de verkligen springer f\u00f6rbi. \u00c5ngesten b\u00f6rjar infinna sig \u00f6ver att jag snart ska springa ett marathon men p\u00e5 n\u00e5got underligt vis ser jag \u00e4ven framemot det. Tr\u00e4ningen M\u00e5ndag:\u00a0Vila Tisdag:\u00a0L\u00f6pning Onsdag:\u00a0Styrka Torsdag:\u00a0Spinning Fredag:\u00a0L\u00f6pning L\u00f6rdag: L\u00e5ngsam promenad S\u00f6ndag:\u00a0L\u00f6pning L\u00f6pningen Veckans f\u00f6rsta pass var backintervaller. Igen, var min f\u00f6rsta\u2026","rel":"","context":"I &quot;om tr\u00e4ningen&quot;","img":{"alt_text":"","src":"","width":0,"height":0},"classes":[]},{"id":3874,"url":"https:\/\/hoppfull.nu\/index.php\/2015\/05\/07\/historien-om-min-fot-fortsatter\/","url_meta":{"origin":2485,"position":2},"title":"Historien om min fot forts\u00e4tter","date":"07 maj 2015, 21:33","format":false,"excerpt":"Jaha ja, en doktor kl\u00e4mde p\u00e5 min fot ig\u00e5r och en annan kl\u00e4mde p\u00e5 min fot idag. Var p\u00e5 r\u00f6ntgen ig\u00e5r men vet inte vad bilderna visade men ingen av doktorerna tror p\u00e5 stressfraktur i alla fall. Dagens doktor, som var den som jag ville skulle kolla p\u00e5 min fot,\u2026","rel":"","context":"I &quot;om l\u00f6pningen&quot;","img":{"alt_text":"","src":"","width":0,"height":0},"classes":[]},{"id":4027,"url":"https:\/\/hoppfull.nu\/index.php\/2015\/06\/15\/det-var-inte-igar\/","url_meta":{"origin":2485,"position":3},"title":"Det var inte ig\u00e5r","date":"15 juni 2015, 21:39","format":false,"excerpt":"Verkligen inte ig\u00e5r som dessa skor fick komma ut och v\u00e4dra sig! Den 19:e april sprang jag 21 km tillsammans med min syster, idag var jag ute p\u00e5 min vanliga runda p\u00e5 5 km. Jag varvade g\u00e5ng och l\u00f6pning, h\u00e4lften av varje. Hur det k\u00e4ndes? Nja, det var ingen njutningsfull\u2026","rel":"","context":"I &quot;om l\u00f6pningen&quot;","img":{"alt_text":"","src":"","width":0,"height":0},"classes":[]},{"id":3872,"url":"https:\/\/hoppfull.nu\/index.php\/2015\/05\/06\/mellandag\/","url_meta":{"origin":2485,"position":4},"title":"Mellandag","date":"06 maj 2015, 21:55","format":false,"excerpt":"Vet inte om det blev s\u00e5 mycket ljusare idag men min fot \u00e4r i alla fall r\u00f6ntgad. Vet inte vad r\u00f6ntgen visade \u00e4n men f\u00f6rhoppningsvis f\u00e5r jag veta det i morgon, enligt den doktor som skrev r\u00f6ntgenremissen tror inte den kommer visa n\u00e5got. Ja ja... Annars d\u00e5? Gr\u00e4slig huvudv\u00e4rk, har\u2026","rel":"","context":"I &quot;om vardagen&quot;","img":{"alt_text":"","src":"","width":0,"height":0},"classes":[]},{"id":3913,"url":"https:\/\/hoppfull.nu\/index.php\/2015\/05\/20\/froken-fluff\/","url_meta":{"origin":2485,"position":5},"title":"Fr\u00f6ken Fluff","date":"20 maj 2015, 14:04","format":false,"excerpt":"H\u00f6r (l\u00e4s) och h\u00e4pna, idag var jag till gymmet! N\u00e4r var jag d\u00e4r innan idag, ja, det minns jag inte ens. Antagligen att jag tog mig dit idag var f\u00f6r att jag hade ett m\u00f6te bokat med min viktcoach och jag kunde inte g\u00e4rna avboka det (igen). S\u00e5 det var\u2026","rel":"","context":"I &quot;om tr\u00e4ningen&quot;","img":{"alt_text":"","src":"","width":0,"height":0},"classes":[]}],"jetpack_likes_enabled":true,"_links":{"self":[{"href":"https:\/\/hoppfull.nu\/index.php\/wp-json\/wp\/v2\/posts\/2485"}],"collection":[{"href":"https:\/\/hoppfull.nu\/index.php\/wp-json\/wp\/v2\/posts"}],"about":[{"href":"https:\/\/hoppfull.nu\/index.php\/wp-json\/wp\/v2\/types\/post"}],"author":[{"embeddable":true,"href":"https:\/\/hoppfull.nu\/index.php\/wp-json\/wp\/v2\/users\/1"}],"replies":[{"embeddable":true,"href":"https:\/\/hoppfull.nu\/index.php\/wp-json\/wp\/v2\/comments?post=2485"}],"version-history":[{"count":2,"href":"https:\/\/hoppfull.nu\/index.php\/wp-json\/wp\/v2\/posts\/2485\/revisions"}],"predecessor-version":[{"id":2487,"href":"https:\/\/hoppfull.nu\/index.php\/wp-json\/wp\/v2\/posts\/2485\/revisions\/2487"}],"wp:attachment":[{"href":"https:\/\/hoppfull.nu\/index.php\/wp-json\/wp\/v2\/media?parent=2485"}],"wp:term":[{"taxonomy":"category","embeddable":true,"href":"https:\/\/hoppfull.nu\/index.php\/wp-json\/wp\/v2\/categories?post=2485"},{"taxonomy":"post_tag","embeddable":true,"href":"https:\/\/hoppfull.nu\/index.php\/wp-json\/wp\/v2\/tags?post=2485"}],"curies":[{"name":"wp","href":"https:\/\/api.w.org\/{rel}","templated":true}]}}