{"id":2385,"date":"2013-02-02T22:34:01","date_gmt":"2013-02-02T21:34:01","guid":{"rendered":"http:\/\/hoppfull.nu\/?p=2385"},"modified":"2013-02-02T22:35:09","modified_gmt":"2013-02-02T21:35:09","slug":"ibland-missar-man-ett-hal-och-faller-i","status":"publish","type":"post","link":"https:\/\/hoppfull.nu\/index.php\/2013\/02\/02\/ibland-missar-man-ett-hal-och-faller-i\/","title":{"rendered":"Ibland missar man ett h\u00e5l och faller i av gammal vana"},"content":{"rendered":"<p>Som jag skrev <a href=\"http:\/\/hoppfull.nu\/index.php\/2013\/02\/01\/inte-som-jag-tankt\/\" target=\"_blank\">ig\u00e5r<\/a> s\u00e5 sj\u00f6nk hum\u00f6ret och tyv\u00e4rr blev hum\u00f6ret inte b\u00e4ttre idag, snarare s\u00e4mre. Jag vet inte om det \u00e4r en sen reaktion p\u00e5 att pappa dog eller om det beror p\u00e5 annat. Jag var p\u00e5 en kurs genom jobbet i veckan, en kurs som innebar en 22-timmars kryssning med Birka. Dag- och kv\u00e4llstid var inget problem, men n\u00e4r jag l\u00e5g sj\u00e4lv i min hytt kom minnen fr\u00e5n alla resor jag gjorde till Finland som barn. N\u00e4r jag var riktigt liten var min bror och syster med, sen n\u00e4r de var st\u00f6rre s\u00e5 var det bara pappa och jag. Mamma f\u00f6ljde aldrig med, inte ens innan skilsm\u00e4ssan, jag vet inte varf\u00f6r. Det var pappa och jag. S\u00e5 m\u00e5nga minnen fr\u00e5n dessa resor. Minnen av farmor och farfar, mina kusiner, farbror och hans fru \u00f6vrig sl\u00e4kt. Men framf\u00f6r allt pappa och v\u00e5r sommarstuga och glassen jag alltid fick, varje dag, d\u00e5 vi \u00e5kte fr\u00e5n farmor och farfar till stugan.<\/p>\n<p>Jag har s\u00e5 m\u00e5nga minnen fr\u00e5n dessa somrar, som den sommar d\u00e5 han byggde min egna brygga. En liten, bredvid den stora, en l\u00e4gre s\u00e5 jag n\u00e5dde ner till vattnet. En sommar n\u00e4r jag kanske var fem \u00e5r gammal s\u00e5 hade jag tr\u00e4skor med blommor p\u00e5, jag var s\u00e5 stol \u00f6ver. Denna sommar tog jag ett oavsiktligt bad i sj\u00f6n, jag for med huvudet f\u00f6re efter att ha r\u00e5kat st\u00f6ta emot med baken mot den stora bryggan n\u00e4r jag b\u00f6jde mig fram. Pappa var i n\u00e4rheten s\u00e5 klart och fiskade upp mig snabbt. Men min ena fina tr\u00e4sko fl\u00f6t iv\u00e4g och jag var otr\u00f6stlig s\u00e5 pappa tog roddb\u00e5ten och r\u00e4ddade min tr\u00e4sko. Den stora bryggan har blivit utbytt genom \u00e5ren, och den lilla med f\u00f6r Marias brygga har blivit tradition. Trots att jag h\u00f6ll p\u00e5 bli av med min tr\u00e4sko s\u00e5 \u00e4r detta ett av de bra minnena. <\/p>\n<p>Sju veckor nu, f\u00f6rst\u00e5r fortfarande inte att han \u00e4r borta. <\/p>\n<p>Sen \u00e4r det tankar av andra slag om tynger mitt sinne. Tankar om framtiden och hur den ska se ut. Kommer mitt liv forts\u00e4tta att bara vara jobb, s\u00f6mn och mat f\u00f6r all framtid eller kommer det f\u00f6r\u00e4ndras. Och om det f\u00f6r\u00e4ndras, till vad och hur?<\/p>\n<p>Allt det h\u00e4r, minnen och funderingar, skapade visst ett h\u00e5l. Ett h\u00e5l som jag helt missade. Och jag f\u00f6ll. Nu ska jag bara orka kravla mig upp igen.<\/p>\n<p><em>Nr 11 av #blogg100<\/em><\/p>\n<div class=\"sharedaddy sd-sharing-enabled\"><div class=\"robots-nocontent sd-block sd-social sd-social-icon sd-sharing\"><h3 class=\"sd-title\">Dela:<\/h3><div class=\"sd-content\"><ul><li class=\"share-twitter\"><a rel=\"nofollow noopener noreferrer\" data-shared=\"sharing-twitter-2385\" class=\"share-twitter sd-button share-icon no-text\" href=\"https:\/\/hoppfull.nu\/index.php\/2013\/02\/02\/ibland-missar-man-ett-hal-och-faller-i\/?share=twitter\" target=\"_blank\" title=\"Klicka f\u00f6r att dela p\u00e5 Twitter\"><span><\/span><span class=\"sharing-screen-reader-text\">Klicka f\u00f6r att dela p\u00e5 Twitter (\u00d6ppnas i ett nytt f\u00f6nster)<\/span><\/a><\/li><li class=\"share-print\"><a rel=\"nofollow noopener noreferrer\" data-shared=\"\" class=\"share-print sd-button share-icon no-text\" href=\"https:\/\/hoppfull.nu\/index.php\/2013\/02\/02\/ibland-missar-man-ett-hal-och-faller-i\/\" target=\"_blank\" title=\"Klicka f\u00f6r utskrift\"><span><\/span><span class=\"sharing-screen-reader-text\">Klicka f\u00f6r utskrift (\u00d6ppnas i ett nytt f\u00f6nster)<\/span><\/a><\/li><li class=\"share-pinterest\"><a rel=\"nofollow noopener noreferrer\" data-shared=\"sharing-pinterest-2385\" class=\"share-pinterest sd-button share-icon no-text\" href=\"https:\/\/hoppfull.nu\/index.php\/2013\/02\/02\/ibland-missar-man-ett-hal-och-faller-i\/?share=pinterest\" target=\"_blank\" title=\"Klicka f\u00f6r att dela till Pinterest\"><span><\/span><span class=\"sharing-screen-reader-text\">Klicka f\u00f6r att dela till Pinterest (\u00d6ppnas i ett nytt f\u00f6nster)<\/span><\/a><\/li><li class=\"share-end\"><\/li><\/ul><\/div><\/div><\/div>","protected":false},"excerpt":{"rendered":"<p class=\"excerpt\">Som jag skrev ig\u00e5r s\u00e5 sj\u00f6nk hum\u00f6ret och tyv\u00e4rr blev hum\u00f6ret inte b\u00e4ttre idag, snarare s\u00e4mre. Jag vet inte om det \u00e4r en sen reaktion p\u00e5 att pappa dog eller om det beror p\u00e5 annat. Jag var p\u00e5 en kurs genom jobbet i veckan, en kurs som innebar en 22-timmars kryssning med Birka. Dag- och kv\u00e4llstid var inget problem, men&hellip; <a href=\"https:\/\/hoppfull.nu\/index.php\/2013\/02\/02\/ibland-missar-man-ett-hal-och-faller-i\/\">Read more &rarr;<\/a><\/p>\n<div class=\"sharedaddy sd-sharing-enabled\"><div class=\"robots-nocontent sd-block sd-social sd-social-icon sd-sharing\"><h3 class=\"sd-title\">Dela:<\/h3><div class=\"sd-content\"><ul><li class=\"share-twitter\"><a rel=\"nofollow noopener noreferrer\" data-shared=\"sharing-twitter-2385\" class=\"share-twitter sd-button share-icon no-text\" href=\"https:\/\/hoppfull.nu\/index.php\/2013\/02\/02\/ibland-missar-man-ett-hal-och-faller-i\/?share=twitter\" target=\"_blank\" title=\"Klicka f\u00f6r att dela p\u00e5 Twitter\"><span><\/span><span class=\"sharing-screen-reader-text\">Klicka f\u00f6r att dela p\u00e5 Twitter (\u00d6ppnas i ett nytt f\u00f6nster)<\/span><\/a><\/li><li class=\"share-print\"><a rel=\"nofollow noopener noreferrer\" data-shared=\"\" class=\"share-print sd-button share-icon no-text\" href=\"https:\/\/hoppfull.nu\/index.php\/2013\/02\/02\/ibland-missar-man-ett-hal-och-faller-i\/\" target=\"_blank\" title=\"Klicka f\u00f6r utskrift\"><span><\/span><span class=\"sharing-screen-reader-text\">Klicka f\u00f6r utskrift (\u00d6ppnas i ett nytt f\u00f6nster)<\/span><\/a><\/li><li class=\"share-pinterest\"><a rel=\"nofollow noopener noreferrer\" data-shared=\"sharing-pinterest-2385\" class=\"share-pinterest sd-button share-icon no-text\" href=\"https:\/\/hoppfull.nu\/index.php\/2013\/02\/02\/ibland-missar-man-ett-hal-och-faller-i\/?share=pinterest\" target=\"_blank\" title=\"Klicka f\u00f6r att dela till Pinterest\"><span><\/span><span class=\"sharing-screen-reader-text\">Klicka f\u00f6r att dela till Pinterest (\u00d6ppnas i ett nytt f\u00f6nster)<\/span><\/a><\/li><li class=\"share-end\"><\/li><\/ul><\/div><\/div><\/div>","protected":false},"author":1,"featured_media":0,"comment_status":"open","ping_status":"open","sticky":false,"template":"","format":"standard","meta":{"spay_email":"","jetpack_publicize_message":"Ibland missar man ett h\u00e5l och faller i #blogg100","jetpack_is_tweetstorm":false},"categories":[1],"tags":[359,369,78,344],"jetpack_featured_media_url":"","jetpack_publicize_connections":[],"jetpack_sharing_enabled":true,"jetpack_shortlink":"https:\/\/wp.me\/p23rAr-Ct","jetpack-related-posts":[{"id":227,"url":"https:\/\/hoppfull.nu\/index.php\/2009\/05\/22\/begravningen\/","url_meta":{"origin":2385,"position":0},"title":"Begravningen","date":"22 maj 2009, 22:37","format":false,"excerpt":"Hade t\u00e4nkt skriva tidigare men det har inte blivit av. Hade t\u00e4nkt ha med ett fotografi p\u00e5 min lilla farmor n\u00e4r hon har mig i kn\u00e4t, endast tio dagar gammal. Men jag har inte orkat leta fram det. Min lilla farmor begravdes f\u00f6rra helgen, hon dog en m\u00e5nad f\u00f6re sin\u2026","rel":"","context":"I &quot;om vardagen&quot;","img":{"alt_text":"","src":"https:\/\/i1.wp.com\/hoppfull.nu\/wp-content\/uploads\/2009\/05\/090522-2.jpg?resize=350%2C200","width":350,"height":200},"classes":[]},{"id":3024,"url":"https:\/\/hoppfull.nu\/index.php\/2013\/08\/03\/ett-arv-rikare\/","url_meta":{"origin":2385,"position":1},"title":"Ett arv rikare...","date":"03 augusti 2013, 01:07","format":false,"excerpt":"...och en pappa fattigare. Eller en pappa fattigare har jag ju varit sedan i december och ang\u00e5ende ett arv rikare s\u00e5 var det bara halva arvet som vi fick idag, allt i enlighet med pappas testamente. Fast helst av allt hade jag sluppit att f\u00e5 arvet utbetalat idag och haft\u2026","rel":"","context":"I &quot;om vardagen&quot;","img":{"alt_text":"","src":"","width":0,"height":0},"classes":[]},{"id":4829,"url":"https:\/\/hoppfull.nu\/index.php\/2017\/03\/31\/fem-saker-du-kanske-inte-vet-om-mig\/","url_meta":{"origin":2385,"position":2},"title":"Fem saker du kanske inte vet om mig","date":"31 mars 2017, 10:00","format":false,"excerpt":"Fredagen \u00e4r h\u00e4r och jag \u00e4r leeedig, l\u00e5ngledig f\u00f6r att vara exakt! Som jag beh\u00f6ver det. Fredagen till \u00e4ra t\u00e4nkte jag dela av mig med n\u00e5gra saker som inte s\u00e5 m\u00e5nga k\u00e4nner till om mig. \u00a0 Jag avskyr insekter som sticks och flyger, allts\u00e5 den kombinationen. Nu pratar vi inte\u2026","rel":"","context":"I &quot;om vardagen&quot;","img":{"alt_text":"","src":"","width":0,"height":0},"classes":[]},{"id":2489,"url":"https:\/\/hoppfull.nu\/index.php\/2013\/02\/17\/idag-ar-jag-bara-arg\/","url_meta":{"origin":2385,"position":3},"title":"Idag \u00e4r jag bara arg","date":"17 februari 2013, 23:49","format":false,"excerpt":"Arg p\u00e5 pappa f\u00f6r att han gick och dog. Arg f\u00f6r att han l\u00e4mnade min styvmor ensam. Arg f\u00f6r att han \u00e4r en av anledningarna till att min syster m\u00e5r d\u00e5lig. Arg f\u00f6r att allt som m\u00e5ste tas om hand om bara f\u00f6r att han dog. Arg f\u00f6r att han\u2026","rel":"","context":"I &quot;om vardagen&quot;","img":{"alt_text":"","src":"","width":0,"height":0},"classes":[]},{"id":2452,"url":"https:\/\/hoppfull.nu\/index.php\/2013\/02\/10\/helgen-som-varit-2\/","url_meta":{"origin":2385,"position":4},"title":"Helgen som varit","date":"10 februari 2013, 22:47","format":false,"excerpt":"Tv\u00e5 h\u00e4rliga dagar utan m\u00e5sten och planer, f\u00f6rutom att ta det lugnt och slappa. Visserligen s\u00e5 stod tv\u00e5 l\u00f6pturer p\u00e5 schemat och fixa matplaneringen f\u00f6r n\u00e4sta vecka, men det var inte s\u00e5 anstr\u00e4ngande. Eller jo, l\u00f6pturen i sn\u00f6modd ig\u00e5r var lite jobbig. Jag har passat p\u00e5 att vara uppe l\u00e4nge\u2026","rel":"","context":"I &quot;om vardagen&quot;","img":{"alt_text":"","src":"https:\/\/i2.wp.com\/hoppfull.nu\/wp-content\/uploads\/2013\/02\/20130210-224256.jpg?resize=350%2C200","width":350,"height":200},"classes":[]},{"id":2674,"url":"https:\/\/hoppfull.nu\/index.php\/2013\/03\/10\/en-gammal-favorit-som-gor-mig-glad-an-idag\/","url_meta":{"origin":2385,"position":5},"title":"En gammal favorit som g\u00f6r mig glad \u00e4n idag","date":"10 mars 2013, 12:18","format":false,"excerpt":"I dessa tider av Melodifestival s\u00e5 fastnar jag, som jag gjort s\u00e5 m\u00e5nga g\u00e5nger tidigare, med att lyssna p\u00e5 gamla favoriter. Just denna \u00e4r Storbritanniens bidrag fr\u00e5n 1992, det \u00e5ret n\u00e4r Sverige anordnade ESC efter Carolas vinst \u00e5ret innan. Denna l\u00e5t var min stora favorit f\u00f6r \u00e5ret, \u00e4ven om jag\u2026","rel":"","context":"I &quot;om vardagen&quot;","img":{"alt_text":"","src":"","width":0,"height":0},"classes":[]}],"jetpack_likes_enabled":true,"_links":{"self":[{"href":"https:\/\/hoppfull.nu\/index.php\/wp-json\/wp\/v2\/posts\/2385"}],"collection":[{"href":"https:\/\/hoppfull.nu\/index.php\/wp-json\/wp\/v2\/posts"}],"about":[{"href":"https:\/\/hoppfull.nu\/index.php\/wp-json\/wp\/v2\/types\/post"}],"author":[{"embeddable":true,"href":"https:\/\/hoppfull.nu\/index.php\/wp-json\/wp\/v2\/users\/1"}],"replies":[{"embeddable":true,"href":"https:\/\/hoppfull.nu\/index.php\/wp-json\/wp\/v2\/comments?post=2385"}],"version-history":[{"count":2,"href":"https:\/\/hoppfull.nu\/index.php\/wp-json\/wp\/v2\/posts\/2385\/revisions"}],"predecessor-version":[{"id":2387,"href":"https:\/\/hoppfull.nu\/index.php\/wp-json\/wp\/v2\/posts\/2385\/revisions\/2387"}],"wp:attachment":[{"href":"https:\/\/hoppfull.nu\/index.php\/wp-json\/wp\/v2\/media?parent=2385"}],"wp:term":[{"taxonomy":"category","embeddable":true,"href":"https:\/\/hoppfull.nu\/index.php\/wp-json\/wp\/v2\/categories?post=2385"},{"taxonomy":"post_tag","embeddable":true,"href":"https:\/\/hoppfull.nu\/index.php\/wp-json\/wp\/v2\/tags?post=2385"}],"curies":[{"name":"wp","href":"https:\/\/api.w.org\/{rel}","templated":true}]}}