{"id":2281,"date":"2013-01-06T00:39:13","date_gmt":"2013-01-05T23:39:13","guid":{"rendered":"http:\/\/hoppfull.nu\/?p=2281"},"modified":"2013-01-06T11:45:04","modified_gmt":"2013-01-06T10:45:04","slug":"begravningen-time-to-say-goodbye","status":"publish","type":"post","link":"https:\/\/hoppfull.nu\/index.php\/2013\/01\/06\/begravningen-time-to-say-goodbye\/","title":{"rendered":"Begravningen &#8211; time to say goodbye"},"content":{"rendered":"<p>Tre veckor har g\u00e5tt sedan pappa dog, tre veckor som k\u00e4nns v\u00e4ldigt l\u00e5nga men samtidigt korta. Ibland k\u00e4nns det s\u00e5 overkligt, jag f\u00f6rst\u00e5r inte att han \u00e4r borta. Vi hade inte s\u00e5 mycket kontakt, vi pratade ibland n\u00e5gon g\u00e5ng per m\u00e5nad men oftast var det nog varannan. Jag tr\u00e4ffade honom bara tv\u00e5 g\u00e5nger f\u00f6rra \u00e5ret, en g\u00e5ng kom han och styvmor och h\u00e4lsade p\u00e5 i T\u00e4by f\u00f6r att se vad jag bodde (tror det var p\u00e5 v\u00e5ren), den andra g\u00e5nger var n\u00e4r jag flyttade i november. Han var inte med f\u00f6r att hj\u00e4lpa till f\u00f6r det klarade han inte av p\u00e5 grund av sitt h\u00e4lsotillst\u00e5nd. Tv\u00e5 g\u00e5nger tr\u00e4ffade jag honom innan min f\u00f6delsedag, men d\u00e5 var han ju inte d\u00e4r&#8230;inte egentligen. <\/p>\n<p>I och med att vi inte hade s\u00e5 mycket kontakt s\u00e5 har det varit s\u00e5 l\u00e4tt att &#8221;gl\u00f6mma&#8221; vad som h\u00e4nt och ist\u00e4llet trott att han varit hemma hos sig och styvmor. Begravningen gjorde det verkligt igen, att han verkligen \u00e4r borta.<\/p>\n<p><a href=\"http:\/\/hoppfull.nu\/wp-content\/uploads\/2013\/01\/20130106-003852.jpg\"><img src=\"http:\/\/hoppfull.nu\/wp-content\/uploads\/2013\/01\/20130106-003852.jpg\" alt=\"20130106-003852.jpg\" class=\"alignnone size-full\" \/><\/a><\/p>\n<p>Det var en ganska kort ceremoni, i alla fall om jag j\u00e4mf\u00f6r med de begravningar jag varit p\u00e5 i Finland. Det var inte heller s\u00e5 mycket religi\u00f6sa inslag s\u00e5 jag tror pappa skulle ha varit n\u00f6jd, dessutom sj\u00f6ngs <a href=\"http:\/\/open.spotify.com\/track\/73vSUsadNF7qNzaUezyvjV\" target=\"_blank\">&#8221;De sista ljuva \u00e5ren&#8221;<\/a> precis som han ville (\u00e4ven om det inte var av min systerdotter som han helst hade velat, men hon k\u00e4nde att hon inte hade klarat av det). Pr\u00e4sten pratade bland annat om hur pappa hade trivts vid stugan vid Hepovattni, hur pappa kunde f\u00e5 vilken motor som helst att fungera och att han de senaste \u00e5ren hade samlat p\u00e5 motors\u00e5gar och lyckats f\u00e5 \u00e4ven de mest hoppl\u00f6sa fall av dem att fungera. Att pappa var envis och m\u00e5lmedveten, som bland annat visade sig i att han p\u00e5 distans l\u00e4ste till gymnasieingenj\u00f6r, han som bara gick \u00e5tta \u00e5r i skolan hemma i Finland f\u00f6r att sen b\u00f6rja jobba i Sverige som 15-\u00e5ring. Musik som spelades, f\u00f6rutom &#8221;De sista ljuva \u00e5ren&#8221;, var <a href=\"http:\/\/open.spotify.com\/track\/4EX4FLZNDXH4bNQubXRvvX\" title=\"Time to say goodbye\" target=\"_blank\">&#8221;Time to say goodbye&#8221;<\/a>, <a href=\"http:\/\/open.spotify.com\/track\/42eHVMAG1QGR8LSAJqzQBA\" target=\"_blank\">&#8221;Stilla natt&#8221;<\/a> som var en psalm pappa tyckte om, <a href=\"http:\/\/open.spotify.com\/track\/7bN6VqwDDLWZmwbkHRLN2t\" target=\"_blank\">&#8221;H\u00e4rlig \u00e4r jorden&#8221;<\/a> var den andra psalmen, sen tror jag <a href=\"http:\/\/open.spotify.com\/track\/5kiwGxHu1qAOzsitlQej0B\" target=\"_blank\">&#8221;Gl\u00e4ns \u00f6ver sj\u00f6 och strand&#8221;<\/a> spelades d\u00e5 vi tog avsked (la rosor p\u00e5 pappas kista), och till sist <a href=\"http:\/\/open.spotify.com\/track\/6cf29GBMDJW5ZQhbwvs8Bj\" target=\"_blank\">&#8221;Vem kan segla f\u00f6rutan vind&#8221;<\/a>.<\/p>\n<p><a href=\"http:\/\/hoppfull.nu\/wp-content\/uploads\/2013\/01\/20130106-003842.jpg\"><img src=\"http:\/\/hoppfull.nu\/wp-content\/uploads\/2013\/01\/20130106-003842.jpg\" alt=\"20130106-003842.jpg\" class=\"alignnone size-full\" \/><\/a><\/p>\n<p>Begravningen h\u00f6lls i en kyrka d\u00e4r jag haft m\u00e5nga skolavslutningar, d\u00e4r jag g\u00e5tt Lucia, varit p\u00e5 br\u00f6llop &#8211; p\u00e5 ett var jag till och med brudt\u00e4rna. Men det var min f\u00f6rsta begravning. Pappa ville inte jordf\u00e4stas utan kremeras, s\u00e5 han kommer ligga i deras minneslund. Min syster, som bor n\u00e4ra, har redan varit d\u00e4r och t\u00e4nt ljus trots att han inte \u00e4r d\u00e4r \u00e4n. Sj\u00e4lv s\u00e5 gick jag ig\u00e5r kv\u00e4ll till minneslunden vid kyrkan h\u00e4r och t\u00e4nde ett ljus, k\u00e4nde att jag beh\u00f6vde det.<\/p>\n<blockquote><p>\n\u00c5 n\u00e4r jag kommer fram till dagen<br \/>\nd\u00e5 mitt hj\u00e4rta slutar sl\u00e5<br \/>\nd\u00e5 ska du t\u00e4nka p\u00e5 de stunder<br \/>\nsom var vackrast i v\u00e5rt liv\n<\/p><\/blockquote>\n<p>Sov s\u00e5 gott, lilla pappa. <3\n\n<\/p>\n<div class=\"sharedaddy sd-sharing-enabled\"><div class=\"robots-nocontent sd-block sd-social sd-social-icon sd-sharing\"><h3 class=\"sd-title\">Dela:<\/h3><div class=\"sd-content\"><ul><li class=\"share-twitter\"><a rel=\"nofollow noopener noreferrer\" data-shared=\"sharing-twitter-2281\" class=\"share-twitter sd-button share-icon no-text\" href=\"https:\/\/hoppfull.nu\/index.php\/2013\/01\/06\/begravningen-time-to-say-goodbye\/?share=twitter\" target=\"_blank\" title=\"Klicka f\u00f6r att dela p\u00e5 Twitter\"><span><\/span><span class=\"sharing-screen-reader-text\">Klicka f\u00f6r att dela p\u00e5 Twitter (\u00d6ppnas i ett nytt f\u00f6nster)<\/span><\/a><\/li><li class=\"share-print\"><a rel=\"nofollow noopener noreferrer\" data-shared=\"\" class=\"share-print sd-button share-icon no-text\" href=\"https:\/\/hoppfull.nu\/index.php\/2013\/01\/06\/begravningen-time-to-say-goodbye\/\" target=\"_blank\" title=\"Klicka f\u00f6r utskrift\"><span><\/span><span class=\"sharing-screen-reader-text\">Klicka f\u00f6r utskrift (\u00d6ppnas i ett nytt f\u00f6nster)<\/span><\/a><\/li><li class=\"share-pinterest\"><a rel=\"nofollow noopener noreferrer\" data-shared=\"sharing-pinterest-2281\" class=\"share-pinterest sd-button share-icon no-text\" href=\"https:\/\/hoppfull.nu\/index.php\/2013\/01\/06\/begravningen-time-to-say-goodbye\/?share=pinterest\" target=\"_blank\" title=\"Klicka f\u00f6r att dela till Pinterest\"><span><\/span><span class=\"sharing-screen-reader-text\">Klicka f\u00f6r att dela till Pinterest (\u00d6ppnas i ett nytt f\u00f6nster)<\/span><\/a><\/li><li class=\"share-end\"><\/li><\/ul><\/div><\/div><\/div>","protected":false},"excerpt":{"rendered":"<p class=\"excerpt\">Tre veckor har g\u00e5tt sedan pappa dog, tre veckor som k\u00e4nns v\u00e4ldigt l\u00e5nga men samtidigt korta. Ibland k\u00e4nns det s\u00e5 overkligt, jag f\u00f6rst\u00e5r inte att han \u00e4r borta. Vi hade inte s\u00e5 mycket kontakt, vi pratade ibland n\u00e5gon g\u00e5ng per m\u00e5nad men oftast var det nog varannan. Jag tr\u00e4ffade honom bara tv\u00e5 g\u00e5nger f\u00f6rra \u00e5ret, en g\u00e5ng kom han och&hellip; <a href=\"https:\/\/hoppfull.nu\/index.php\/2013\/01\/06\/begravningen-time-to-say-goodbye\/\">Read more &rarr;<\/a><\/p>\n<div class=\"sharedaddy sd-sharing-enabled\"><div class=\"robots-nocontent sd-block sd-social sd-social-icon sd-sharing\"><h3 class=\"sd-title\">Dela:<\/h3><div class=\"sd-content\"><ul><li class=\"share-twitter\"><a rel=\"nofollow noopener noreferrer\" data-shared=\"sharing-twitter-2281\" class=\"share-twitter sd-button share-icon no-text\" href=\"https:\/\/hoppfull.nu\/index.php\/2013\/01\/06\/begravningen-time-to-say-goodbye\/?share=twitter\" target=\"_blank\" title=\"Klicka f\u00f6r att dela p\u00e5 Twitter\"><span><\/span><span class=\"sharing-screen-reader-text\">Klicka f\u00f6r att dela p\u00e5 Twitter (\u00d6ppnas i ett nytt f\u00f6nster)<\/span><\/a><\/li><li class=\"share-print\"><a rel=\"nofollow noopener noreferrer\" data-shared=\"\" class=\"share-print sd-button share-icon no-text\" href=\"https:\/\/hoppfull.nu\/index.php\/2013\/01\/06\/begravningen-time-to-say-goodbye\/\" target=\"_blank\" title=\"Klicka f\u00f6r utskrift\"><span><\/span><span class=\"sharing-screen-reader-text\">Klicka f\u00f6r utskrift (\u00d6ppnas i ett nytt f\u00f6nster)<\/span><\/a><\/li><li class=\"share-pinterest\"><a rel=\"nofollow noopener noreferrer\" data-shared=\"sharing-pinterest-2281\" class=\"share-pinterest sd-button share-icon no-text\" href=\"https:\/\/hoppfull.nu\/index.php\/2013\/01\/06\/begravningen-time-to-say-goodbye\/?share=pinterest\" target=\"_blank\" title=\"Klicka f\u00f6r att dela till Pinterest\"><span><\/span><span class=\"sharing-screen-reader-text\">Klicka f\u00f6r att dela till Pinterest (\u00d6ppnas i ett nytt f\u00f6nster)<\/span><\/a><\/li><li class=\"share-end\"><\/li><\/ul><\/div><\/div><\/div>","protected":false},"author":1,"featured_media":0,"comment_status":"open","ping_status":"open","sticky":false,"template":"","format":"standard","meta":{"spay_email":"","jetpack_publicize_message":"Nybloggat: Begravningen - time to say goodbye","jetpack_is_tweetstorm":false},"categories":[1],"tags":[349,344,97],"jetpack_featured_media_url":"","jetpack_publicize_connections":[],"jetpack_sharing_enabled":true,"jetpack_shortlink":"https:\/\/wp.me\/p23rAr-AN","jetpack-related-posts":[{"id":2957,"url":"https:\/\/hoppfull.nu\/index.php\/2013\/05\/11\/21-veckor-idag\/","url_meta":{"origin":2281,"position":0},"title":"21 veckor idag","date":"11 maj 2013, 00:24","format":false,"excerpt":"Tiden g\u00e5r. S\u00e5 m\u00e5nga veckor sedan det h\u00e4nde nu, lilla pappa - saknar dig. Det n\u00e4rmar sig en halv\u00e5rsdag, n\u00e4sta vecka har jag bott i den h\u00e4r l\u00e4genheten ett halv\u00e5r. D\u00e5 \u00e4r det ocks\u00e5 ett halv\u00e5r sedan jag s\u00e5g dig i livet. Ett halv\u00e5r? Hur kan det redan vara ett\u2026","rel":"","context":"I &quot;om vardagen&quot;","img":{"alt_text":"","src":"","width":0,"height":0},"classes":[]},{"id":2272,"url":"https:\/\/hoppfull.nu\/index.php\/2013\/01\/02\/begravning-i-morgon\/","url_meta":{"origin":2281,"position":1},"title":"Begravning i morgon...","date":"02 januari 2013, 23:33","format":false,"excerpt":"...och jag har redan ont i huvudet. K\u00e4nns lovande, verkligen lovande. B\u00e4var s\u00e5 inf\u00f6r morgondagen och \u00f6nskar att jag slapp den. I morgon blir det s\u00e5 d\u00e4r verkligt igen. Att han inte finns. Att han aldrig kommer finnas mer. Framf\u00f6r mig ser jag hur han ligger i kistan, som han\u2026","rel":"","context":"I &quot;om vardagen&quot;","img":{"alt_text":"","src":"","width":0,"height":0},"classes":[]},{"id":2188,"url":"https:\/\/hoppfull.nu\/index.php\/2012\/12\/17\/att-valja-kista-sa-overkligt\/","url_meta":{"origin":2281,"position":2},"title":"Att v\u00e4lja kista, s\u00e5 overkligt","date":"17 december 2012, 23:28","format":false,"excerpt":"Idag var jag, min styvmor, storasyster och storebror till begravningsbyr\u00e5n. Det var dags att best\u00e4mma hur vi vill ha pappas begravning och det praktiska runt omkring. Jag, som tycker att det \u00e4r jobbigt att umg\u00e5s med min familj i situationer d\u00e4r k\u00e4nslor \u00e4r inblandade, tvingade mig sj\u00e4lv att vara med.\u2026","rel":"","context":"I &quot;om vardagen&quot;","img":{"alt_text":"","src":"","width":0,"height":0},"classes":[]},{"id":4345,"url":"https:\/\/hoppfull.nu\/index.php\/2016\/04\/24\/pa-besok-i-det-forflutna\/","url_meta":{"origin":2281,"position":3},"title":"P\u00e5 bes\u00f6k i det f\u00f6rflutna...","date":"24 april 2016, 22:16","format":false,"excerpt":"...eller n\u00e5got \u00e5t det h\u00e5llet. Det \u00e4r tre \u00e5r och fyra m\u00e5nader sedan min pappa dog, tiden g\u00e5r. Antalet g\u00e5nger jag varit hem till min styvmor sedan dess kan r\u00e4knas ena handens fingrar. En anledning\u00a0till att det inte blivit fler g\u00e5nger \u00e4r f\u00f6r att jag tyckt det varit jobbigt eftersom\u2026","rel":"","context":"I &quot;om vardagen&quot;","img":{"alt_text":"","src":"https:\/\/i2.wp.com\/hoppfull.nu\/wp-content\/uploads\/2016\/04\/img_9303.jpg?resize=350%2C200","width":350,"height":200},"classes":[]},{"id":880,"url":"https:\/\/hoppfull.nu\/index.php\/2010\/02\/22\/var-tog-kvallen-vagen\/","url_meta":{"origin":2281,"position":4},"title":"Var tog kv\u00e4llen v\u00e4gen?","date":"22 februari 2010, 01:27","format":false,"excerpt":"Somnade visst i soffan och vips s\u00e5 var klockan kvart \u00f6ver ett - hur gick det till?! Ang\u00e5ende fikadejten s\u00e5 vet jag inte riktigt vad jag ska s\u00e4ga. Eller jo. Det vet jag. Tack, men nej tack. Det blir inte n\u00e5gra danskurser med denna kille. Ser inte hur det skulle\u2026","rel":"","context":"I &quot;om vardagen&quot;","img":{"alt_text":"","src":"","width":0,"height":0},"classes":[]},{"id":754,"url":"https:\/\/hoppfull.nu\/index.php\/2009\/10\/17\/inte-min-vecka\/","url_meta":{"origin":2281,"position":5},"title":"Inte min vecka","date":"17 oktober 2009, 00:34","format":false,"excerpt":"Usch. M\u00e5r inte bra. Inte just nu och har inte gjort hela denna vecka. Kan egentligen inte s\u00e4tt fingret p\u00e5 vad det \u00e4r som jag d\u00e5ligt, eller k\u00e4nner mig deppig kanske jag ska skriva. M\u00e5nga sm\u00e5 saker som bildar ett stort o\u00f6verstigligt hinder. Och hur l\u00f6ser jag detta? Jo, som\u2026","rel":"","context":"I &quot;om barnl\u00f6sheten&quot;","img":{"alt_text":"","src":"","width":0,"height":0},"classes":[]}],"jetpack_likes_enabled":true,"_links":{"self":[{"href":"https:\/\/hoppfull.nu\/index.php\/wp-json\/wp\/v2\/posts\/2281"}],"collection":[{"href":"https:\/\/hoppfull.nu\/index.php\/wp-json\/wp\/v2\/posts"}],"about":[{"href":"https:\/\/hoppfull.nu\/index.php\/wp-json\/wp\/v2\/types\/post"}],"author":[{"embeddable":true,"href":"https:\/\/hoppfull.nu\/index.php\/wp-json\/wp\/v2\/users\/1"}],"replies":[{"embeddable":true,"href":"https:\/\/hoppfull.nu\/index.php\/wp-json\/wp\/v2\/comments?post=2281"}],"version-history":[{"count":12,"href":"https:\/\/hoppfull.nu\/index.php\/wp-json\/wp\/v2\/posts\/2281\/revisions"}],"predecessor-version":[{"id":2293,"href":"https:\/\/hoppfull.nu\/index.php\/wp-json\/wp\/v2\/posts\/2281\/revisions\/2293"}],"wp:attachment":[{"href":"https:\/\/hoppfull.nu\/index.php\/wp-json\/wp\/v2\/media?parent=2281"}],"wp:term":[{"taxonomy":"category","embeddable":true,"href":"https:\/\/hoppfull.nu\/index.php\/wp-json\/wp\/v2\/categories?post=2281"},{"taxonomy":"post_tag","embeddable":true,"href":"https:\/\/hoppfull.nu\/index.php\/wp-json\/wp\/v2\/tags?post=2281"}],"curies":[{"name":"wp","href":"https:\/\/api.w.org\/{rel}","templated":true}]}}