{"id":2272,"date":"2013-01-02T23:33:29","date_gmt":"2013-01-02T22:33:29","guid":{"rendered":"http:\/\/hoppfull.nu\/?p=2272"},"modified":"2013-01-02T23:33:30","modified_gmt":"2013-01-02T22:33:30","slug":"begravning-i-morgon","status":"publish","type":"post","link":"https:\/\/hoppfull.nu\/index.php\/2013\/01\/02\/begravning-i-morgon\/","title":{"rendered":"Begravning i morgon&#8230;"},"content":{"rendered":"<p>&#8230;och jag har redan ont i huvudet. K\u00e4nns lovande, verkligen lovande. B\u00e4var s\u00e5 inf\u00f6r morgondagen och \u00f6nskar att jag slapp den. I morgon blir det s\u00e5 d\u00e4r verkligt igen. Att han inte finns. Att han aldrig kommer finnas mer. Framf\u00f6r mig ser jag hur han ligger i kistan, som han l\u00e5g i avskedsrummet p\u00e5 CIVA. Fast b\u00e4ttre med den bilden \u00e4n ingen alls, f\u00f6r annars s\u00e5 k\u00e4nns det som han sitter hemma i huset med styvmor. Sen n\u00e4r jag kommer p\u00e5 att han inte g\u00f6r det, d\u00e5 g\u00f6r det s\u00e5 ont. B\u00e4ttre att minnas hela tiden med andra ord \u00e4n att pl\u00f6tsligt komma ih\u00e5g. <\/p>\n<p>I morgon ska jag och min syster ut till huset innan begravningen. Det huset som han aldrig kommer komma tillbaka till. Tv\u00e5 av mina farbr\u00f6der kommer fr\u00e5n Finland tidigt p\u00e5 morgonen och kommer \u00e5ka dit f\u00f6r att byta om och f\u00e5 frukost. Min styvmor insisterade p\u00e5 det, jag antar att hon ville ha n\u00e5got annat att t\u00e4nka p\u00e5 \u00e4n vad som ska komma sen. Jag f\u00f6rst\u00e5r inte hur jag ska orka g\u00e5 in i det huset. I huset d\u00e4r han aldrig kommer ligga p\u00e5 soffan igen. <\/p>\n<p>N\u00e4r den farbror som d\u00f6pte sin dotter efter mig, f\u00f6r att jag \u00e4r hans favorit, kallar mig lilla gumman som han gjort sedan jag var liten, s\u00e5 jag kommer gr\u00e5ta d\u00e5. <\/p>\n<p>Ser verkligen inte fram emot morgondagen, \u00e5 s\u00e5 jag \u00f6nskar att allt var annorlunda. Att vi ist\u00e4llet skulle tr\u00e4ffas allesammans senare i m\u00e5naden, senare n\u00e4r pappa och styvmor kommit hem fr\u00e5n sin resa. Den resan som han skulle ha fyllt 70 p\u00e5. Den resan som nu aldrig blir av. <\/p>\n<p>Pappa jag saknar dig! &#8230;och saknaden kommer som en chock, f\u00f6r hur m\u00e5nga g\u00e5nger gjorde du inte mitt liv till helvete, hur m\u00e5nga g\u00e5nger gjorde du mig inte ledsen, besviken och arg. Hur m\u00e5nga g\u00e5nger \u00f6nskade jag inte att du skulle f\u00f6rsvinna n\u00e4r jag var ton\u00e5ring. Hur m\u00e5nga g\u00e5nger \u00f6nskade jag sj\u00e4lv inte att jag fick d\u00f6, d\u00e5 n\u00e4r alla trodde jag hade det s\u00e5 bra och alltid var glad. (Eller \u00e5tminstone en v\u00e4n, en av mina b\u00e4sta v\u00e4nner, hon som ville vara som jag f\u00f6r jag inte hade n\u00e5gra problem&#8230;)<\/p>\n<p>Nu ska jag f\u00f6rs\u00f6ka sova, hur nu det ska g\u00e5. \ud83d\ude41<\/p>\n<div class=\"sharedaddy sd-sharing-enabled\"><div class=\"robots-nocontent sd-block sd-social sd-social-icon sd-sharing\"><h3 class=\"sd-title\">Dela:<\/h3><div class=\"sd-content\"><ul><li class=\"share-twitter\"><a rel=\"nofollow noopener noreferrer\" data-shared=\"sharing-twitter-2272\" class=\"share-twitter sd-button share-icon no-text\" href=\"https:\/\/hoppfull.nu\/index.php\/2013\/01\/02\/begravning-i-morgon\/?share=twitter\" target=\"_blank\" title=\"Klicka f\u00f6r att dela p\u00e5 Twitter\"><span><\/span><span class=\"sharing-screen-reader-text\">Klicka f\u00f6r att dela p\u00e5 Twitter (\u00d6ppnas i ett nytt f\u00f6nster)<\/span><\/a><\/li><li class=\"share-print\"><a rel=\"nofollow noopener noreferrer\" data-shared=\"\" class=\"share-print sd-button share-icon no-text\" href=\"https:\/\/hoppfull.nu\/index.php\/2013\/01\/02\/begravning-i-morgon\/\" target=\"_blank\" title=\"Klicka f\u00f6r utskrift\"><span><\/span><span class=\"sharing-screen-reader-text\">Klicka f\u00f6r utskrift (\u00d6ppnas i ett nytt f\u00f6nster)<\/span><\/a><\/li><li class=\"share-pinterest\"><a rel=\"nofollow noopener noreferrer\" data-shared=\"sharing-pinterest-2272\" class=\"share-pinterest sd-button share-icon no-text\" href=\"https:\/\/hoppfull.nu\/index.php\/2013\/01\/02\/begravning-i-morgon\/?share=pinterest\" target=\"_blank\" title=\"Klicka f\u00f6r att dela till Pinterest\"><span><\/span><span class=\"sharing-screen-reader-text\">Klicka f\u00f6r att dela till Pinterest (\u00d6ppnas i ett nytt f\u00f6nster)<\/span><\/a><\/li><li class=\"share-end\"><\/li><\/ul><\/div><\/div><\/div>","protected":false},"excerpt":{"rendered":"<p class=\"excerpt\">&#8230;och jag har redan ont i huvudet. K\u00e4nns lovande, verkligen lovande. B\u00e4var s\u00e5 inf\u00f6r morgondagen och \u00f6nskar att jag slapp den. I morgon blir det s\u00e5 d\u00e4r verkligt igen. Att han inte finns. Att han aldrig kommer finnas mer. Framf\u00f6r mig ser jag hur han ligger i kistan, som han l\u00e5g i avskedsrummet p\u00e5 CIVA. Fast b\u00e4ttre med den bilden&hellip; <a href=\"https:\/\/hoppfull.nu\/index.php\/2013\/01\/02\/begravning-i-morgon\/\">Read more &rarr;<\/a><\/p>\n<div class=\"sharedaddy sd-sharing-enabled\"><div class=\"robots-nocontent sd-block sd-social sd-social-icon sd-sharing\"><h3 class=\"sd-title\">Dela:<\/h3><div class=\"sd-content\"><ul><li class=\"share-twitter\"><a rel=\"nofollow noopener noreferrer\" data-shared=\"sharing-twitter-2272\" class=\"share-twitter sd-button share-icon no-text\" href=\"https:\/\/hoppfull.nu\/index.php\/2013\/01\/02\/begravning-i-morgon\/?share=twitter\" target=\"_blank\" title=\"Klicka f\u00f6r att dela p\u00e5 Twitter\"><span><\/span><span class=\"sharing-screen-reader-text\">Klicka f\u00f6r att dela p\u00e5 Twitter (\u00d6ppnas i ett nytt f\u00f6nster)<\/span><\/a><\/li><li class=\"share-print\"><a rel=\"nofollow noopener noreferrer\" data-shared=\"\" class=\"share-print sd-button share-icon no-text\" href=\"https:\/\/hoppfull.nu\/index.php\/2013\/01\/02\/begravning-i-morgon\/\" target=\"_blank\" title=\"Klicka f\u00f6r utskrift\"><span><\/span><span class=\"sharing-screen-reader-text\">Klicka f\u00f6r utskrift (\u00d6ppnas i ett nytt f\u00f6nster)<\/span><\/a><\/li><li class=\"share-pinterest\"><a rel=\"nofollow noopener noreferrer\" data-shared=\"sharing-pinterest-2272\" class=\"share-pinterest sd-button share-icon no-text\" href=\"https:\/\/hoppfull.nu\/index.php\/2013\/01\/02\/begravning-i-morgon\/?share=pinterest\" target=\"_blank\" title=\"Klicka f\u00f6r att dela till Pinterest\"><span><\/span><span class=\"sharing-screen-reader-text\">Klicka f\u00f6r att dela till Pinterest (\u00d6ppnas i ett nytt f\u00f6nster)<\/span><\/a><\/li><li class=\"share-end\"><\/li><\/ul><\/div><\/div><\/div>","protected":false},"author":1,"featured_media":0,"comment_status":"open","ping_status":"open","sticky":false,"template":"","format":"standard","meta":{"spay_email":"","jetpack_publicize_message":"","jetpack_is_tweetstorm":false},"categories":[1],"tags":[349,344,97],"jetpack_featured_media_url":"","jetpack_publicize_connections":[],"jetpack_sharing_enabled":true,"jetpack_shortlink":"https:\/\/wp.me\/p23rAr-AE","jetpack-related-posts":[{"id":3150,"url":"https:\/\/hoppfull.nu\/index.php\/2013\/11\/09\/dromde-om-pappa\/","url_meta":{"origin":2272,"position":0},"title":"Dr\u00f6mde om pappa","date":"09 november 2013, 14:55","format":false,"excerpt":"Tidigare i veckan dr\u00f6mde jag f\u00f6r f\u00f6rsta g\u00e5ngen om pappa, eller i alla fall f\u00f6rsta dr\u00f6mmen som jag kommer ih\u00e5g. Jag hade cyklat hem till min styvmor, allts\u00e5 hem till huset d\u00e4r jag sj\u00e4lv bodde fr\u00e5n jag var tolv tills jag flyttade hemifr\u00e5n. Detta \u00e4r n\u00e5got som jag inte skulle\u2026","rel":"","context":"I &quot;om vardagen&quot;","img":{"alt_text":"","src":"","width":0,"height":0},"classes":[]},{"id":3024,"url":"https:\/\/hoppfull.nu\/index.php\/2013\/08\/03\/ett-arv-rikare\/","url_meta":{"origin":2272,"position":1},"title":"Ett arv rikare...","date":"03 augusti 2013, 01:07","format":false,"excerpt":"...och en pappa fattigare. Eller en pappa fattigare har jag ju varit sedan i december och ang\u00e5ende ett arv rikare s\u00e5 var det bara halva arvet som vi fick idag, allt i enlighet med pappas testamente. Fast helst av allt hade jag sluppit att f\u00e5 arvet utbetalat idag och haft\u2026","rel":"","context":"I &quot;om vardagen&quot;","img":{"alt_text":"","src":"","width":0,"height":0},"classes":[]},{"id":785,"url":"https:\/\/hoppfull.nu\/index.php\/2009\/12\/14\/pa-plats\/","url_meta":{"origin":2272,"position":2},"title":"P\u00e5 plats","date":"14 december 2009, 22:42","format":false,"excerpt":"\u00c4ntligen \u00e4r jag p\u00e5 plats i nya l\u00e4genheten och det k\u00e4nns s\u00e5 otroligt bra att det inte finns ord till att beskriva det. Att det sen brann en bil p\u00e5 granngatan till min i morse g\u00f6r att det k\u00e4nns b\u00e4ttre \u00e4nd\u00e5. K\u00e4nner redan nu att jag kommer att trivas i\u2026","rel":"","context":"I &quot;om vardagen&quot;","img":{"alt_text":"","src":"","width":0,"height":0},"classes":[]},{"id":719,"url":"https:\/\/hoppfull.nu\/index.php\/2009\/09\/14\/annu-ett-dumt-dagens-horoskop-fr-spray\/","url_meta":{"origin":2272,"position":3},"title":"\u00c4nnu ett dumt dagens horoskop (fr Spray)","date":"14 september 2009, 22:16","format":false,"excerpt":"Skytten 22\/11 - 22\/12 Dagshoroskop - m\u00e5ndag 14 september Den r\u00e4tta st\u00e4mningen infinner sig f\u00f6r att komma n\u00e4rmare den du \u00e4lskar. En god middag g\u00f6r susen, speciellt som f\u00f6rf\u00f6relseknep. Jag skulle allts\u00e5 ha passat p\u00e5 idag, det vill s\u00e4ga om jag nu hade haft n\u00e5gon jag \"\u00e4lskade\". Men det finns\u2026","rel":"","context":"I &quot;om vardagen&quot;","img":{"alt_text":"","src":"","width":0,"height":0},"classes":[]},{"id":2957,"url":"https:\/\/hoppfull.nu\/index.php\/2013\/05\/11\/21-veckor-idag\/","url_meta":{"origin":2272,"position":4},"title":"21 veckor idag","date":"11 maj 2013, 00:24","format":false,"excerpt":"Tiden g\u00e5r. S\u00e5 m\u00e5nga veckor sedan det h\u00e4nde nu, lilla pappa - saknar dig. Det n\u00e4rmar sig en halv\u00e5rsdag, n\u00e4sta vecka har jag bott i den h\u00e4r l\u00e4genheten ett halv\u00e5r. D\u00e5 \u00e4r det ocks\u00e5 ett halv\u00e5r sedan jag s\u00e5g dig i livet. Ett halv\u00e5r? Hur kan det redan vara ett\u2026","rel":"","context":"I &quot;om vardagen&quot;","img":{"alt_text":"","src":"","width":0,"height":0},"classes":[]},{"id":2177,"url":"https:\/\/hoppfull.nu\/index.php\/2012\/12\/16\/pappa-121215\/","url_meta":{"origin":2272,"position":5},"title":"Pappa 121215","date":"16 december 2012, 12:01","format":false,"excerpt":"Den 14:e december var min 37:e f\u00f6delsedag, vid 10:28 har min pappa ringt mig f\u00f6r att gratulera mig p\u00e5 min f\u00f6delsedag. Jag jobbade, kunde inte svara. Han sa \"om inte annat s\u00e5 ses vi dagen f\u00f6re julafton\", men det blev n\u00e5got annat. Jag vet inte klockslag, vilket \u00e4r jobbigt f\u00f6r\u2026","rel":"","context":"I &quot;om vardagen&quot;","img":{"alt_text":"","src":"","width":0,"height":0},"classes":[]}],"jetpack_likes_enabled":true,"_links":{"self":[{"href":"https:\/\/hoppfull.nu\/index.php\/wp-json\/wp\/v2\/posts\/2272"}],"collection":[{"href":"https:\/\/hoppfull.nu\/index.php\/wp-json\/wp\/v2\/posts"}],"about":[{"href":"https:\/\/hoppfull.nu\/index.php\/wp-json\/wp\/v2\/types\/post"}],"author":[{"embeddable":true,"href":"https:\/\/hoppfull.nu\/index.php\/wp-json\/wp\/v2\/users\/1"}],"replies":[{"embeddable":true,"href":"https:\/\/hoppfull.nu\/index.php\/wp-json\/wp\/v2\/comments?post=2272"}],"version-history":[{"count":0,"href":"https:\/\/hoppfull.nu\/index.php\/wp-json\/wp\/v2\/posts\/2272\/revisions"}],"wp:attachment":[{"href":"https:\/\/hoppfull.nu\/index.php\/wp-json\/wp\/v2\/media?parent=2272"}],"wp:term":[{"taxonomy":"category","embeddable":true,"href":"https:\/\/hoppfull.nu\/index.php\/wp-json\/wp\/v2\/categories?post=2272"},{"taxonomy":"post_tag","embeddable":true,"href":"https:\/\/hoppfull.nu\/index.php\/wp-json\/wp\/v2\/tags?post=2272"}],"curies":[{"name":"wp","href":"https:\/\/api.w.org\/{rel}","templated":true}]}}