{"id":2171,"date":"2012-12-12T20:35:44","date_gmt":"2012-12-12T19:35:44","guid":{"rendered":"http:\/\/hoppfull.nu\/?p=2171"},"modified":"2012-12-12T20:35:44","modified_gmt":"2012-12-12T19:35:44","slug":"om-missarna-och-ladan","status":"publish","type":"post","link":"https:\/\/hoppfull.nu\/index.php\/2012\/12\/12\/om-missarna-och-ladan\/","title":{"rendered":"Om missarna och l\u00e5dan"},"content":{"rendered":"<p>\u00c5 s\u00e5 sp\u00e4nnande, tyckte Saga och Siri n\u00e4r jag kom hem med en stor l\u00e5da som de inte kunde komma in i. Fullt lika sp\u00e4nnande var det inte n\u00e4r l\u00e5dan \u00f6ppnades och ut kom en dammsugare, d\u00e5 smet de undan illa s\u00e5 kvickt. N\u00e4r sedan n\u00e4mnda dammsugare b\u00f6rjade l\u00e5ta s\u00e5 som dammsugare brukar l\u00e5ta, d\u00e5 visste de inte alls var de skulle ta v\u00e4gen. <\/p>\n<p>L\u00e5dan st\u00e5r kvar p\u00e5 hallgolvet men nobbas nu helt av missarna. En f\u00f6rr\u00e4dare \u00e4r vad den \u00e4r, komma hem med s\u00e5dana hemskheter till v\u00e5r lilla l\u00e4genhet.<\/p>\n<p>F\u00f6r \u00f6vrigt blev jag sur p\u00e5 kv\u00e4llen, dels f\u00f6r att jag har huvudv\u00e4rk och dels f\u00f6r att det lilla problemet som skulle vara s\u00e5 l\u00e4tt att l\u00f6sa med min digitaltv fr\u00e5n abonnemang fr\u00e5n Comhem var inte s\u00e5 l\u00e4tt som de fick det att l\u00e5ta. Jag f\u00e5r n\u00e4mligen ingen bild om jag kopplar ihop box och tv med HDMI-kabeln, det fungerar med scart men inte HDMI. Det vill s\u00e4ga, nu g\u00f6r det inte det. Det har fungerat helt sm\u00e4rtfritt enda tills f\u00f6r n\u00e5gon dag sedan, sen helt pl\u00f6tsligt nada kontakt dem emellan. Surt. F\u00f6r jag vill inte ha en ful scartkabel, jag vill ha HDMI:n. (L\u00e5ter kanske f\u00e5nigt men den andra \u00e4r fint undanstoppad innan f\u00f6r min v\u00e4gg, den andra h\u00e4nger och \u00e4r ful. Och nej, det \u00e4r inte HDMI-kabeln det \u00e4r fel p\u00e5. Har provat med en helt ny ocks\u00e5.) Hur som helst, s\u00e5 l\u00e4tt att l\u00f6sa som de sa att det skulle vara var det allts\u00e5 inte och jag orkar inte ringa och h\u00f6ra vad annat jag kan g\u00f6ra, ist\u00e4llet tittar jag p\u00e5 ett avsnitt av MadMen och \u00e4ter glass &#8211;  s\u00e5 det s\u00e5!<\/p>\n<div class=\"sharedaddy sd-sharing-enabled\"><div class=\"robots-nocontent sd-block sd-social sd-social-icon sd-sharing\"><h3 class=\"sd-title\">Dela:<\/h3><div class=\"sd-content\"><ul><li class=\"share-twitter\"><a rel=\"nofollow noopener noreferrer\" data-shared=\"sharing-twitter-2171\" class=\"share-twitter sd-button share-icon no-text\" href=\"https:\/\/hoppfull.nu\/index.php\/2012\/12\/12\/om-missarna-och-ladan\/?share=twitter\" target=\"_blank\" title=\"Klicka f\u00f6r att dela p\u00e5 Twitter\"><span><\/span><span class=\"sharing-screen-reader-text\">Klicka f\u00f6r att dela p\u00e5 Twitter (\u00d6ppnas i ett nytt f\u00f6nster)<\/span><\/a><\/li><li class=\"share-print\"><a rel=\"nofollow noopener noreferrer\" data-shared=\"\" class=\"share-print sd-button share-icon no-text\" href=\"https:\/\/hoppfull.nu\/index.php\/2012\/12\/12\/om-missarna-och-ladan\/\" target=\"_blank\" title=\"Klicka f\u00f6r utskrift\"><span><\/span><span class=\"sharing-screen-reader-text\">Klicka f\u00f6r utskrift (\u00d6ppnas i ett nytt f\u00f6nster)<\/span><\/a><\/li><li class=\"share-pinterest\"><a rel=\"nofollow noopener noreferrer\" data-shared=\"sharing-pinterest-2171\" class=\"share-pinterest sd-button share-icon no-text\" href=\"https:\/\/hoppfull.nu\/index.php\/2012\/12\/12\/om-missarna-och-ladan\/?share=pinterest\" target=\"_blank\" title=\"Klicka f\u00f6r att dela till Pinterest\"><span><\/span><span class=\"sharing-screen-reader-text\">Klicka f\u00f6r att dela till Pinterest (\u00d6ppnas i ett nytt f\u00f6nster)<\/span><\/a><\/li><li class=\"share-end\"><\/li><\/ul><\/div><\/div><\/div>","protected":false},"excerpt":{"rendered":"<p class=\"excerpt\">\u00c5 s\u00e5 sp\u00e4nnande, tyckte Saga och Siri n\u00e4r jag kom hem med en stor l\u00e5da som de inte kunde komma in i. Fullt lika sp\u00e4nnande var det inte n\u00e4r l\u00e5dan \u00f6ppnades och ut kom en dammsugare, d\u00e5 smet de undan illa s\u00e5 kvickt. N\u00e4r sedan n\u00e4mnda dammsugare b\u00f6rjade l\u00e5ta s\u00e5 som dammsugare brukar l\u00e5ta, d\u00e5 visste de inte alls var&hellip; <a href=\"https:\/\/hoppfull.nu\/index.php\/2012\/12\/12\/om-missarna-och-ladan\/\">Read more &rarr;<\/a><\/p>\n<div class=\"sharedaddy sd-sharing-enabled\"><div class=\"robots-nocontent sd-block sd-social sd-social-icon sd-sharing\"><h3 class=\"sd-title\">Dela:<\/h3><div class=\"sd-content\"><ul><li class=\"share-twitter\"><a rel=\"nofollow noopener noreferrer\" data-shared=\"sharing-twitter-2171\" class=\"share-twitter sd-button share-icon no-text\" href=\"https:\/\/hoppfull.nu\/index.php\/2012\/12\/12\/om-missarna-och-ladan\/?share=twitter\" target=\"_blank\" title=\"Klicka f\u00f6r att dela p\u00e5 Twitter\"><span><\/span><span class=\"sharing-screen-reader-text\">Klicka f\u00f6r att dela p\u00e5 Twitter (\u00d6ppnas i ett nytt f\u00f6nster)<\/span><\/a><\/li><li class=\"share-print\"><a rel=\"nofollow noopener noreferrer\" data-shared=\"\" class=\"share-print sd-button share-icon no-text\" href=\"https:\/\/hoppfull.nu\/index.php\/2012\/12\/12\/om-missarna-och-ladan\/\" target=\"_blank\" title=\"Klicka f\u00f6r utskrift\"><span><\/span><span class=\"sharing-screen-reader-text\">Klicka f\u00f6r utskrift (\u00d6ppnas i ett nytt f\u00f6nster)<\/span><\/a><\/li><li class=\"share-pinterest\"><a rel=\"nofollow noopener noreferrer\" data-shared=\"sharing-pinterest-2171\" class=\"share-pinterest sd-button share-icon no-text\" href=\"https:\/\/hoppfull.nu\/index.php\/2012\/12\/12\/om-missarna-och-ladan\/?share=pinterest\" target=\"_blank\" title=\"Klicka f\u00f6r att dela till Pinterest\"><span><\/span><span class=\"sharing-screen-reader-text\">Klicka f\u00f6r att dela till Pinterest (\u00d6ppnas i ett nytt f\u00f6nster)<\/span><\/a><\/li><li class=\"share-end\"><\/li><\/ul><\/div><\/div><\/div>","protected":false},"author":1,"featured_media":0,"comment_status":"open","ping_status":"open","sticky":false,"template":"","format":"standard","meta":{"spay_email":"","jetpack_publicize_message":"Nybloggat: Om missarna och l\u00e5dan","jetpack_is_tweetstorm":false},"categories":[325,1],"tags":[139,59,342,307],"jetpack_featured_media_url":"","jetpack_publicize_connections":[],"jetpack_sharing_enabled":true,"jetpack_shortlink":"https:\/\/wp.me\/p23rAr-z1","jetpack-related-posts":[{"id":1811,"url":"https:\/\/hoppfull.nu\/index.php\/2011\/10\/24\/sondagsmys-och-helgen-som-var\/","url_meta":{"origin":2171,"position":0},"title":"S\u00f6ndagsmys och helgen som var","date":"24 oktober 2011, 00:08","format":false,"excerpt":"Jaha ja, s\u00e5 var helgen igen \u00f6ver - tiden g\u00e5r s\u00e5 fort. Gjort lite saker i helgen, mer \u00e4n vanligt. Bland annat s\u00e5 tittade vi i fredags f\u00f6rbi Ajours aw och mini-releasefest innan vi gick och \u00e5t sushi. Sedan tillbringade jag l\u00f6rdagskv\u00e4llen med gamla klasskamrater fr\u00e5n h\u00f6gstadiet eftersom det i\u2026","rel":"","context":"I &quot;om skolan&quot;","img":{"alt_text":"","src":"","width":0,"height":0},"classes":[]},{"id":876,"url":"https:\/\/hoppfull.nu\/index.php\/2010\/02\/19\/om-vi-sager-sa-har\/","url_meta":{"origin":2171,"position":1},"title":"Om vi s\u00e4ger s\u00e5 h\u00e4r","date":"19 februari 2010, 17:39","format":false,"excerpt":"Jag blir inte glad n\u00e4r jag vaknar och m\u00e4rker att jag inte har n\u00e5gon tv, telefon eller bredband - tack Comhem. Att jag bara sovit n\u00e5gra timmar efter ett nattpass som k\u00e4ndes som 5 (trodde aldrig natten skulle ta slut, var s\u00e5\u00e5\u00e5 tr\u00f6tt) och sen inte kan titta p\u00e5 tv\u2026","rel":"","context":"I &quot;om vardagen&quot;","img":{"alt_text":"","src":"","width":0,"height":0},"classes":[]},{"id":2398,"url":"https:\/\/hoppfull.nu\/index.php\/2013\/02\/03\/dagens-pyssel-i-lagenheten\/","url_meta":{"origin":2171,"position":2},"title":"Dagens pyssel i l\u00e4genheten","date":"03 februari 2013, 21:51","format":false,"excerpt":"Jag stortrivs i min lilla l\u00e4genhet, jag tycker om den \u00f6ppna planl\u00f6sningen och mitt lilla sovrum. Den enda nackdelen, om man bortser fr\u00e5n att jag inte har n\u00e5gon balkong och att den ligger h\u00e4r i yttre bortre, \u00e4r att jag inte har ordentliga garderober. Med katter som \u00e4r intresserade av\u2026","rel":"","context":"I &quot;om min lilla l\u00e4genhet&quot;","img":{"alt_text":"","src":"https:\/\/i0.wp.com\/hoppfull.nu\/wp-content\/uploads\/2013\/02\/20130203-215234.jpg?resize=350%2C200","width":350,"height":200},"classes":[]},{"id":4388,"url":"https:\/\/hoppfull.nu\/index.php\/2016\/05\/05\/my-first\/","url_meta":{"origin":2171,"position":3},"title":"My first","date":"05 maj 2016, 23:29","format":false,"excerpt":"Jo men det var ju skoj, eller inte. I det perfekta v\u00e5rv\u00e4dret kom jag idag iv\u00e4g p\u00e5 en runda med P\u00e4rlan, visserligen med tr\u00f6tta l\u00e5r efter spinningpasset ig\u00e5r men h\u00e4rligt \u00e4nd\u00e5. Inte s\u00e5 snabbt kanske men vad gjorde det, jag hann njuta av det fina v\u00e4dret och den fina milj\u00f6n.\u2026","rel":"","context":"I &quot;om cyklingen&quot;","img":{"alt_text":"","src":"","width":0,"height":0},"classes":[]},{"id":844,"url":"https:\/\/hoppfull.nu\/index.php\/2010\/01\/24\/en-kansla-av-utanforskap\/","url_meta":{"origin":2171,"position":4},"title":"En k\u00e4nsla av utanf\u00f6rskap","date":"24 januari 2010, 03:22","format":false,"excerpt":"N\u00e4r jag var liten var jag en reservkompis, jag d\u00f6g n\u00e4r de andras \"b\u00e4stisar\" var upptagna med annat. Jag kommer inte ih\u00e5g riktigt n\u00e4r detta b\u00f6rjade, antingen var det i lekis eller i f\u00f6rsta klass. Vi var sju flickor och 14 pojkar. Alla flickor lekte tv\u00e5 och tv\u00e5, jag blev\u2026","rel":"","context":"I &quot;om vardagen&quot;","img":{"alt_text":"","src":"","width":0,"height":0},"classes":[]},{"id":3298,"url":"https:\/\/hoppfull.nu\/index.php\/2014\/03\/21\/jag-duger-inte\/","url_meta":{"origin":2171,"position":5},"title":"Jag duger inte!","date":"21 mars 2014, 23:11","format":false,"excerpt":"Jag duger inte! S\u00e5 k\u00e4nner jag s\u00e5 ofta, men jag vet att det inte \u00e4r sant. Att ingen tycker om mig, \u00e4r ofta en tanke som ofta dyker upp. Och sj\u00e4lvklart vet jag att inte heller det \u00e4r sant. Men \u00e4nd\u00e5, st\u00e4ndigt detta tvivel. Man kan ju fr\u00e5ga sig varf\u00f6r\u2026","rel":"","context":"I &quot;om vardagen&quot;","img":{"alt_text":"","src":"","width":0,"height":0},"classes":[]}],"jetpack_likes_enabled":true,"_links":{"self":[{"href":"https:\/\/hoppfull.nu\/index.php\/wp-json\/wp\/v2\/posts\/2171"}],"collection":[{"href":"https:\/\/hoppfull.nu\/index.php\/wp-json\/wp\/v2\/posts"}],"about":[{"href":"https:\/\/hoppfull.nu\/index.php\/wp-json\/wp\/v2\/types\/post"}],"author":[{"embeddable":true,"href":"https:\/\/hoppfull.nu\/index.php\/wp-json\/wp\/v2\/users\/1"}],"replies":[{"embeddable":true,"href":"https:\/\/hoppfull.nu\/index.php\/wp-json\/wp\/v2\/comments?post=2171"}],"version-history":[{"count":1,"href":"https:\/\/hoppfull.nu\/index.php\/wp-json\/wp\/v2\/posts\/2171\/revisions"}],"predecessor-version":[{"id":2172,"href":"https:\/\/hoppfull.nu\/index.php\/wp-json\/wp\/v2\/posts\/2171\/revisions\/2172"}],"wp:attachment":[{"href":"https:\/\/hoppfull.nu\/index.php\/wp-json\/wp\/v2\/media?parent=2171"}],"wp:term":[{"taxonomy":"category","embeddable":true,"href":"https:\/\/hoppfull.nu\/index.php\/wp-json\/wp\/v2\/categories?post=2171"},{"taxonomy":"post_tag","embeddable":true,"href":"https:\/\/hoppfull.nu\/index.php\/wp-json\/wp\/v2\/tags?post=2171"}],"curies":[{"name":"wp","href":"https:\/\/api.w.org\/{rel}","templated":true}]}}