{"id":2035,"date":"2012-10-13T23:46:20","date_gmt":"2012-10-13T21:46:20","guid":{"rendered":"http:\/\/hoppfull.nu\/?p=2035"},"modified":"2012-10-20T21:05:27","modified_gmt":"2012-10-20T19:05:27","slug":"yttre-bortre","status":"publish","type":"post","link":"https:\/\/hoppfull.nu\/index.php\/2012\/10\/13\/yttre-bortre\/","title":{"rendered":"Yttre bortre"},"content":{"rendered":"<p><a href=\"http:\/\/hoppfull.nu\/wp-content\/uploads\/2012\/10\/lyan.jpg\"><img data-attachment-id=\"2038\" data-permalink=\"https:\/\/hoppfull.nu\/index.php\/2012\/10\/13\/yttre-bortre\/lyan\/\" data-orig-file=\"https:\/\/hoppfull.nu\/wp-content\/uploads\/2012\/10\/lyan.jpg\" data-orig-size=\"600,600\" data-comments-opened=\"1\" data-image-meta=\"{&quot;aperture&quot;:&quot;0&quot;,&quot;credit&quot;:&quot;labelbox&quot;,&quot;camera&quot;:&quot;&quot;,&quot;caption&quot;:&quot;&quot;,&quot;created_timestamp&quot;:&quot;0&quot;,&quot;copyright&quot;:&quot;&quot;,&quot;focal_length&quot;:&quot;0&quot;,&quot;iso&quot;:&quot;0&quot;,&quot;shutter_speed&quot;:&quot;0&quot;,&quot;title&quot;:&quot;&quot;,&quot;orientation&quot;:&quot;0&quot;}\" data-image-title=\"L\u00e4genheten\" data-image-description=\"\" data-medium-file=\"https:\/\/hoppfull.nu\/wp-content\/uploads\/2012\/10\/lyan-300x300.jpg\" data-large-file=\"https:\/\/hoppfull.nu\/wp-content\/uploads\/2012\/10\/lyan.jpg\" loading=\"lazy\" class=\"aligncenter size-full wp-image-2038\" title=\"L\u00e4genheten\" src=\"http:\/\/hoppfull.nu\/wp-content\/uploads\/2012\/10\/lyan.jpg\" alt=\"\" width=\"600\" height=\"600\" srcset=\"https:\/\/hoppfull.nu\/wp-content\/uploads\/2012\/10\/lyan.jpg 600w, https:\/\/hoppfull.nu\/wp-content\/uploads\/2012\/10\/lyan-290x290.jpg 290w, https:\/\/hoppfull.nu\/wp-content\/uploads\/2012\/10\/lyan-300x300.jpg 300w, https:\/\/hoppfull.nu\/wp-content\/uploads\/2012\/10\/lyan-150x150.jpg 150w\" sizes=\"(max-width: 600px) 100vw, 600px\" \/><\/a>S\u00e5 jag kommer allts\u00e5 flytta till yttre bortre, l\u00e4genhet \u00e4r fixad och jag v\u00e4ntar bara p\u00e5 att jag ska bli godk\u00e4nd av bostadsr\u00e4ttsf\u00f6reningen. Jag f\u00e5r tilltr\u00e4delse till den i mitten av november men det kan bli tidigare.<\/p>\n<p>Jag var p\u00e5 inflyttningsfest ig\u00e5r hos en av mina jobbarkompisar. Jag pratade om min kommande flytt med n\u00e5gra och fick fr\u00e5gan, som jag \u00e4ven f\u00e5tt f\u00f6rut, om jag har n\u00e5gon anknytning till yttre bortre. Det har jag inte, men det oroar inte mig. Jag har kollat och det mesta jag beh\u00f6ver finns d\u00e4r, som bland annat ICA (och Coop), ett litet &#8221;k\u00f6pcentrum&#8221;, veterin\u00e4r (f\u00f6r att kunna k\u00f6pa kattmat) och dessutom gym om jag nu skulle b\u00f6rja tr\u00e4na igen. Jag kommer som jag n\u00e4mnde f\u00f6rut f\u00e5 b\u00e4ttre resv\u00e4g till jobbet och slippa alla byten som jag har nu. L\u00e4genheten \u00e4r superfin och jag tror verkligen att jag kommer kunna trivas d\u00e4r. Kunna m\u00e5 bra. Och det betyder mycket. Sen att jag inte har n\u00e5gra m\u00f6bler&#8230; Eller n\u00e5gra har jag ju: en byr\u00e5, en tvb\u00e4nk (men ingen tv), bokhylla, ett Lackbord och en pall. S\u00e5 en s\u00e4ng st\u00e5r f\u00f6rst p\u00e5 listan, och sen ett k\u00f6ksbord och stolar. <\/p>\n<p>Men det ska nog bli bra \u00e4nd\u00e5.<\/p>\n<p>&#8230;fast v\u00e4ggm\u00e5lningen kommer nog att f\u00f6rsvinna&#8230;<\/p>\n<div class=\"sharedaddy sd-sharing-enabled\"><div class=\"robots-nocontent sd-block sd-social sd-social-icon sd-sharing\"><h3 class=\"sd-title\">Dela:<\/h3><div class=\"sd-content\"><ul><li class=\"share-twitter\"><a rel=\"nofollow noopener noreferrer\" data-shared=\"sharing-twitter-2035\" class=\"share-twitter sd-button share-icon no-text\" href=\"https:\/\/hoppfull.nu\/index.php\/2012\/10\/13\/yttre-bortre\/?share=twitter\" target=\"_blank\" title=\"Klicka f\u00f6r att dela p\u00e5 Twitter\"><span><\/span><span class=\"sharing-screen-reader-text\">Klicka f\u00f6r att dela p\u00e5 Twitter (\u00d6ppnas i ett nytt f\u00f6nster)<\/span><\/a><\/li><li class=\"share-print\"><a rel=\"nofollow noopener noreferrer\" data-shared=\"\" class=\"share-print sd-button share-icon no-text\" href=\"https:\/\/hoppfull.nu\/index.php\/2012\/10\/13\/yttre-bortre\/\" target=\"_blank\" title=\"Klicka f\u00f6r utskrift\"><span><\/span><span class=\"sharing-screen-reader-text\">Klicka f\u00f6r utskrift (\u00d6ppnas i ett nytt f\u00f6nster)<\/span><\/a><\/li><li class=\"share-pinterest\"><a rel=\"nofollow noopener noreferrer\" data-shared=\"sharing-pinterest-2035\" class=\"share-pinterest sd-button share-icon no-text\" href=\"https:\/\/hoppfull.nu\/index.php\/2012\/10\/13\/yttre-bortre\/?share=pinterest\" target=\"_blank\" title=\"Klicka f\u00f6r att dela till Pinterest\"><span><\/span><span class=\"sharing-screen-reader-text\">Klicka f\u00f6r att dela till Pinterest (\u00d6ppnas i ett nytt f\u00f6nster)<\/span><\/a><\/li><li class=\"share-end\"><\/li><\/ul><\/div><\/div><\/div>","protected":false},"excerpt":{"rendered":"<p class=\"excerpt\">S\u00e5 jag kommer allts\u00e5 flytta till yttre bortre, l\u00e4genhet \u00e4r fixad och jag v\u00e4ntar bara p\u00e5 att jag ska bli godk\u00e4nd av bostadsr\u00e4ttsf\u00f6reningen. Jag f\u00e5r tilltr\u00e4delse till den i mitten av november men det kan bli tidigare. Jag var p\u00e5 inflyttningsfest ig\u00e5r hos en av mina jobbarkompisar. Jag pratade om min kommande flytt med n\u00e5gra och fick fr\u00e5gan, som jag&hellip; <a href=\"https:\/\/hoppfull.nu\/index.php\/2012\/10\/13\/yttre-bortre\/\">Read more &rarr;<\/a><\/p>\n<div class=\"sharedaddy sd-sharing-enabled\"><div class=\"robots-nocontent sd-block sd-social sd-social-icon sd-sharing\"><h3 class=\"sd-title\">Dela:<\/h3><div class=\"sd-content\"><ul><li class=\"share-twitter\"><a rel=\"nofollow noopener noreferrer\" data-shared=\"sharing-twitter-2035\" class=\"share-twitter sd-button share-icon no-text\" href=\"https:\/\/hoppfull.nu\/index.php\/2012\/10\/13\/yttre-bortre\/?share=twitter\" target=\"_blank\" title=\"Klicka f\u00f6r att dela p\u00e5 Twitter\"><span><\/span><span class=\"sharing-screen-reader-text\">Klicka f\u00f6r att dela p\u00e5 Twitter (\u00d6ppnas i ett nytt f\u00f6nster)<\/span><\/a><\/li><li class=\"share-print\"><a rel=\"nofollow noopener noreferrer\" data-shared=\"\" class=\"share-print sd-button share-icon no-text\" href=\"https:\/\/hoppfull.nu\/index.php\/2012\/10\/13\/yttre-bortre\/\" target=\"_blank\" title=\"Klicka f\u00f6r utskrift\"><span><\/span><span class=\"sharing-screen-reader-text\">Klicka f\u00f6r utskrift (\u00d6ppnas i ett nytt f\u00f6nster)<\/span><\/a><\/li><li class=\"share-pinterest\"><a rel=\"nofollow noopener noreferrer\" data-shared=\"sharing-pinterest-2035\" class=\"share-pinterest sd-button share-icon no-text\" href=\"https:\/\/hoppfull.nu\/index.php\/2012\/10\/13\/yttre-bortre\/?share=pinterest\" target=\"_blank\" title=\"Klicka f\u00f6r att dela till Pinterest\"><span><\/span><span class=\"sharing-screen-reader-text\">Klicka f\u00f6r att dela till Pinterest (\u00d6ppnas i ett nytt f\u00f6nster)<\/span><\/a><\/li><li class=\"share-end\"><\/li><\/ul><\/div><\/div><\/div>","protected":false},"author":1,"featured_media":0,"comment_status":"open","ping_status":"open","sticky":false,"template":"","format":"standard","meta":{"spay_email":"","jetpack_publicize_message":"","jetpack_is_tweetstorm":false},"categories":[325],"tags":[116,322,321],"jetpack_featured_media_url":"","jetpack_publicize_connections":[],"jetpack_sharing_enabled":true,"jetpack_shortlink":"https:\/\/wp.me\/p23rAr-wP","jetpack-related-posts":[{"id":2496,"url":"https:\/\/hoppfull.nu\/index.php\/2013\/02\/18\/tiden-som-varit-och-tiden-som-kommer\/","url_meta":{"origin":2035,"position":0},"title":"Tiden som varit och tiden som kommer","date":"18 februari 2013, 11:59","format":false,"excerpt":"Idag g\u00f6r jag n\u00e5got ovanligt, jag skriver dagens inl\u00e4gg cirka tolv timmar tidigare \u00e4n normalt. Hum\u00f6ret \u00e4r ungef\u00e4r som ig\u00e5r, lite mer nedst\u00e4md och kanske mindre arg. Brukar visserligen aldrig vara p\u00e5 toppenhum\u00f6r p\u00e5 mina endagsledigheter, avskyr att bara vara ledig en dag och har aldrig f\u00f6rst\u00e5tt varf\u00f6r jag envisas\u2026","rel":"","context":"I &quot;om vardagen&quot;","img":{"alt_text":"","src":"","width":0,"height":0},"classes":[]},{"id":3541,"url":"https:\/\/hoppfull.nu\/index.php\/2014\/06\/01\/nar-valde-jag-ensamheten\/","url_meta":{"origin":2035,"position":1},"title":"N\u00e4r valde jag ensamheten?","date":"01 juni 2014, 23:19","format":false,"excerpt":"En helg \u00e4r snart f\u00f6rbi, en helg d\u00e4r jag piffat och fixat i min lilla l\u00e4genhet som nu ska s\u00e4ljas. Jag till\u00e4t mig sj\u00e4lv att ta ett bad nu p\u00e5 kv\u00e4llen och n\u00e4r jag l\u00e5g d\u00e4r och t\u00e4nkte fastnade jag vid fr\u00e5gan: N\u00e4r valde jag ensamheten? Att l\u00e4genheten ska s\u00e4ljas\u2026","rel":"","context":"I &quot;om vardagen&quot;","img":{"alt_text":"","src":"","width":0,"height":0},"classes":[]},{"id":2033,"url":"https:\/\/hoppfull.nu\/index.php\/2012\/10\/08\/om-bloggandets-vara-eller-icke-vara\/","url_meta":{"origin":2035,"position":2},"title":"Om bloggandets vara eller icke vara","date":"08 oktober 2012, 20:55","format":false,"excerpt":"Det var ett tag sedan, eller evigheter sedan f\u00f6r att vara exakt. Och nu vet jag inte om jag vill forts\u00e4tta eller inte. Fast jag tror jag vill forts\u00e4tta, men om jag vill g\u00f6ra det h\u00e4r eller n\u00e5gon annanstans vet jag inte. Saker och ting h\u00e4nder, livet f\u00f6r\u00e4ndras och det\u2026","rel":"","context":"I &quot;om vardagen&quot;","img":{"alt_text":"","src":"","width":0,"height":0},"classes":[]},{"id":2300,"url":"https:\/\/hoppfull.nu\/index.php\/2013\/01\/08\/sa-dar-ja\/","url_meta":{"origin":2035,"position":3},"title":"S\u00e5 d\u00e4r ja","date":"08 januari 2013, 23:09","format":false,"excerpt":"Jag har inte sprungit sedan Topploppet i september, s\u00e5 det var verkligen p\u00e5 tiden. Om man nu kan kalla det springa, f\u00f6r det blev bara sex minuter. Appen 10K Runner skaffade jag f\u00f6r flera m\u00e5nader sedan men det var inte f\u00f6rr\u00e4n idag jag b\u00f6rjade anv\u00e4nda den. De senaste veckorna har\u2026","rel":"","context":"I &quot;om l\u00f6pningen&quot;","img":{"alt_text":"20130108-230940.jpg","src":"https:\/\/i2.wp.com\/hoppfull.nu\/wp-content\/uploads\/2013\/01\/20130108-230940.jpg?resize=350%2C200","width":350,"height":200},"classes":[]},{"id":2975,"url":"https:\/\/hoppfull.nu\/index.php\/2013\/05\/18\/nar-man-kommer-till-en-insikt\/","url_meta":{"origin":2035,"position":4},"title":"N\u00e4r man kommer till en insikt","date":"18 maj 2013, 16:40","format":false,"excerpt":"Ig\u00e5r var jag som planerat och t\u00e4nde ett ljus f\u00f6r pappa vid minneslunden h\u00e4r i Yttre Bortre. Det var fint d\u00e4r nu, m\u00e5nga hade varit d\u00e4r med blommor och kyrkog\u00e5rden var v\u00e5rfixad. Minneslunden har blivit ett v\u00e4lbes\u00f6kt plats f\u00f6r mig, har ofta haft \u00e5tminstone ett v\u00e4rmeljus med mig n\u00e4r jag\u2026","rel":"","context":"I &quot;om vardagen&quot;","img":{"alt_text":"","src":"","width":0,"height":0},"classes":[]},{"id":2398,"url":"https:\/\/hoppfull.nu\/index.php\/2013\/02\/03\/dagens-pyssel-i-lagenheten\/","url_meta":{"origin":2035,"position":5},"title":"Dagens pyssel i l\u00e4genheten","date":"03 februari 2013, 21:51","format":false,"excerpt":"Jag stortrivs i min lilla l\u00e4genhet, jag tycker om den \u00f6ppna planl\u00f6sningen och mitt lilla sovrum. Den enda nackdelen, om man bortser fr\u00e5n att jag inte har n\u00e5gon balkong och att den ligger h\u00e4r i yttre bortre, \u00e4r att jag inte har ordentliga garderober. Med katter som \u00e4r intresserade av\u2026","rel":"","context":"I &quot;om min lilla l\u00e4genhet&quot;","img":{"alt_text":"","src":"https:\/\/i0.wp.com\/hoppfull.nu\/wp-content\/uploads\/2013\/02\/20130203-215234.jpg?resize=350%2C200","width":350,"height":200},"classes":[]}],"jetpack_likes_enabled":true,"_links":{"self":[{"href":"https:\/\/hoppfull.nu\/index.php\/wp-json\/wp\/v2\/posts\/2035"}],"collection":[{"href":"https:\/\/hoppfull.nu\/index.php\/wp-json\/wp\/v2\/posts"}],"about":[{"href":"https:\/\/hoppfull.nu\/index.php\/wp-json\/wp\/v2\/types\/post"}],"author":[{"embeddable":true,"href":"https:\/\/hoppfull.nu\/index.php\/wp-json\/wp\/v2\/users\/1"}],"replies":[{"embeddable":true,"href":"https:\/\/hoppfull.nu\/index.php\/wp-json\/wp\/v2\/comments?post=2035"}],"version-history":[{"count":6,"href":"https:\/\/hoppfull.nu\/index.php\/wp-json\/wp\/v2\/posts\/2035\/revisions"}],"predecessor-version":[{"id":2103,"href":"https:\/\/hoppfull.nu\/index.php\/wp-json\/wp\/v2\/posts\/2035\/revisions\/2103"}],"wp:attachment":[{"href":"https:\/\/hoppfull.nu\/index.php\/wp-json\/wp\/v2\/media?parent=2035"}],"wp:term":[{"taxonomy":"category","embeddable":true,"href":"https:\/\/hoppfull.nu\/index.php\/wp-json\/wp\/v2\/categories?post=2035"},{"taxonomy":"post_tag","embeddable":true,"href":"https:\/\/hoppfull.nu\/index.php\/wp-json\/wp\/v2\/tags?post=2035"}],"curies":[{"name":"wp","href":"https:\/\/api.w.org\/{rel}","templated":true}]}}