{"id":4299,"date":"2016-04-12T22:51:09","date_gmt":"2016-04-12T20:51:09","guid":{"rendered":"http:\/\/hoppfull.nu\/?p=4299"},"modified":"2016-04-12T22:51:09","modified_gmt":"2016-04-12T20:51:09","slug":"fiesta-de-verano","status":"publish","type":"post","link":"http:\/\/hoppfull.nu\/index.php\/2016\/04\/12\/fiesta-de-verano\/","title":{"rendered":"Fiesta de Verano"},"content":{"rendered":"<p>Jag har en spellista p\u00e5 Spotify som jag ofta lyssnar p\u00e5, den startade som en ren springlista men nu lyssnar jag p\u00e5 den p\u00e5 gymmet och \u00e4ven h\u00e4r hemma n\u00e4r jag \u00e4r p\u00e5 bra hum\u00f6r. Listan f\u00f6r\u00e4ndras inte ofta men ibland puttar jag dit lite nytillskott, senast var inf\u00f6r\u00a0Liding\u00f6loppet. En ny l\u00e5t var\u00a0Fiesta de Verano med Ma\u00eda och nu, eller de senaste veckorna, har den verkligen blivit en favorit. Jag blir s\u00e5 glad av den!<\/p>\n<p><iframe src=\"https:\/\/www.youtube.com\/embed\/RQjD75VluDY?rel=0&amp;controls=0&amp;showinfo=0\" width=\"640\" height=\"360\" frameborder=\"0\" allowfullscreen=\"allowfullscreen\"><\/iframe><\/p>\n<p>\u00c4ven denna hittade in p\u00e5 min springlista vid samma tillf\u00e4lle och har \u00e4ven den blivit en favorit, ett tema kan urskiljas tror jag minsann&#8230;och d\u00e5 menar jag inte att Maluma \u00e4r med p\u00e5 b\u00e5da utan snarare stilen. \u00a0(Videon \u00e4r lite omst\u00e4ndig, l\u00e5ten b\u00f6rjar \u00e4n 1.10 in i klippet.)<\/p>\n<p><iframe src=\"https:\/\/www.youtube.com\/embed\/ufa0K9w9z2c?rel=0&amp;controls=0&amp;showinfo=0\" width=\"640\" height=\"360\" frameborder=\"0\" allowfullscreen=\"allowfullscreen\"><\/iframe><\/p>\n<p>\u00c4ven denna gamla snygging fick hoppa in d\u00e5, och ja, den h\u00e4r l\u00e5ten har ocks\u00e5 blivit lite av en favorit den senaste tiden. Just denna version, La Mordidita &#8211; Brian Cross Remix, k\u00f6r jag g\u00e4rna intervaller till. \ud83d\ude42<\/p>\n<p><iframe src=\"https:\/\/www.youtube.com\/embed\/fifGoB3yglg?rel=0&amp;controls=0&amp;showinfo=0\" width=\"640\" height=\"360\" frameborder=\"0\" allowfullscreen=\"allowfullscreen\"><\/iframe><\/p>\n<p><small>\u203a\u203a 43\/100 #blogg100<\/small><\/p>\n<div class=\"sharedaddy sd-sharing-enabled\"><div class=\"robots-nocontent sd-block sd-social sd-social-icon sd-sharing\"><h3 class=\"sd-title\">Dela:<\/h3><div class=\"sd-content\"><ul><li class=\"share-twitter\"><a rel=\"nofollow noopener noreferrer\" data-shared=\"sharing-twitter-4299\" class=\"share-twitter sd-button share-icon no-text\" href=\"http:\/\/hoppfull.nu\/index.php\/2016\/04\/12\/fiesta-de-verano\/?share=twitter\" target=\"_blank\" title=\"Klicka f\u00f6r att dela p\u00e5 Twitter\"><span><\/span><span class=\"sharing-screen-reader-text\">Klicka f\u00f6r att dela p\u00e5 Twitter (\u00d6ppnas i ett nytt f\u00f6nster)<\/span><\/a><\/li><li class=\"share-print\"><a rel=\"nofollow noopener noreferrer\" data-shared=\"\" class=\"share-print sd-button share-icon no-text\" href=\"http:\/\/hoppfull.nu\/index.php\/2016\/04\/12\/fiesta-de-verano\/\" target=\"_blank\" title=\"Klicka f\u00f6r utskrift\"><span><\/span><span class=\"sharing-screen-reader-text\">Klicka f\u00f6r utskrift (\u00d6ppnas i ett nytt f\u00f6nster)<\/span><\/a><\/li><li class=\"share-pinterest\"><a rel=\"nofollow noopener noreferrer\" data-shared=\"sharing-pinterest-4299\" class=\"share-pinterest sd-button share-icon no-text\" href=\"http:\/\/hoppfull.nu\/index.php\/2016\/04\/12\/fiesta-de-verano\/?share=pinterest\" target=\"_blank\" title=\"Klicka f\u00f6r att dela till Pinterest\"><span><\/span><span class=\"sharing-screen-reader-text\">Klicka f\u00f6r att dela till Pinterest (\u00d6ppnas i ett nytt f\u00f6nster)<\/span><\/a><\/li><li class=\"share-end\"><\/li><\/ul><\/div><\/div><\/div>","protected":false},"excerpt":{"rendered":"<p class=\"excerpt\">Jag har en spellista p\u00e5 Spotify som jag ofta lyssnar p\u00e5, den startade som en ren springlista men nu lyssnar jag p\u00e5 den p\u00e5 gymmet och \u00e4ven h\u00e4r hemma n\u00e4r jag \u00e4r p\u00e5 bra hum\u00f6r. Listan f\u00f6r\u00e4ndras inte ofta men ibland puttar jag dit lite nytillskott, senast var inf\u00f6r\u00a0Liding\u00f6loppet. En ny l\u00e5t var\u00a0Fiesta de Verano med Ma\u00eda och nu, eller&hellip; <a href=\"http:\/\/hoppfull.nu\/index.php\/2016\/04\/12\/fiesta-de-verano\/\">Read more &rarr;<\/a><\/p>\n<div class=\"sharedaddy sd-sharing-enabled\"><div class=\"robots-nocontent sd-block sd-social sd-social-icon sd-sharing\"><h3 class=\"sd-title\">Dela:<\/h3><div class=\"sd-content\"><ul><li class=\"share-twitter\"><a rel=\"nofollow noopener noreferrer\" data-shared=\"sharing-twitter-4299\" class=\"share-twitter sd-button share-icon no-text\" href=\"http:\/\/hoppfull.nu\/index.php\/2016\/04\/12\/fiesta-de-verano\/?share=twitter\" target=\"_blank\" title=\"Klicka f\u00f6r att dela p\u00e5 Twitter\"><span><\/span><span class=\"sharing-screen-reader-text\">Klicka f\u00f6r att dela p\u00e5 Twitter (\u00d6ppnas i ett nytt f\u00f6nster)<\/span><\/a><\/li><li class=\"share-print\"><a rel=\"nofollow noopener noreferrer\" data-shared=\"\" class=\"share-print sd-button share-icon no-text\" href=\"http:\/\/hoppfull.nu\/index.php\/2016\/04\/12\/fiesta-de-verano\/\" target=\"_blank\" title=\"Klicka f\u00f6r utskrift\"><span><\/span><span class=\"sharing-screen-reader-text\">Klicka f\u00f6r utskrift (\u00d6ppnas i ett nytt f\u00f6nster)<\/span><\/a><\/li><li class=\"share-pinterest\"><a rel=\"nofollow noopener noreferrer\" data-shared=\"sharing-pinterest-4299\" class=\"share-pinterest sd-button share-icon no-text\" href=\"http:\/\/hoppfull.nu\/index.php\/2016\/04\/12\/fiesta-de-verano\/?share=pinterest\" target=\"_blank\" title=\"Klicka f\u00f6r att dela till Pinterest\"><span><\/span><span class=\"sharing-screen-reader-text\">Klicka f\u00f6r att dela till Pinterest (\u00d6ppnas i ett nytt f\u00f6nster)<\/span><\/a><\/li><li class=\"share-end\"><\/li><\/ul><\/div><\/div><\/div>","protected":false},"author":1,"featured_media":0,"comment_status":"open","ping_status":"open","sticky":false,"template":"","format":"standard","meta":{"spay_email":"","jetpack_publicize_message":"Fiesta de Verano #blogg100","jetpack_is_tweetstorm":false},"categories":[356,11],"tags":[359,44,589,590,591,587,588],"jetpack_featured_media_url":"","jetpack_publicize_connections":[],"jetpack_sharing_enabled":true,"jetpack_shortlink":"https:\/\/wp.me\/p23rAr-17l","jetpack-related-posts":[{"id":1107,"url":"http:\/\/hoppfull.nu\/index.php\/2010\/07\/19\/ovantad-smarta\/","url_meta":{"origin":4299,"position":0},"title":"Ov\u00e4ntad sm\u00e4rta","date":"19 juli 2010, 00:27","format":false,"excerpt":"En dag som hum\u00f6rsm\u00e4ssigt inte varit toppen, kan inte direkt s\u00e4tta fingret p\u00e5 varf\u00f6r. Det blev b\u00e4ttre fram mot kv\u00e4llningen, mycket p\u00e5 grund av att jag n\u00e5gra timmar tidigare hade bytt plats vid poolen. Ibland kr\u00e4vs det s\u00e5 lite att jag verkligen inte f\u00f6rst\u00e5r mig p\u00e5 mig sj\u00e4lv. Eftersom det\u2026","rel":"","context":"I &quot;om barnl\u00f6sheten&quot;","img":{"alt_text":"","src":"","width":0,"height":0},"classes":[]},{"id":2674,"url":"http:\/\/hoppfull.nu\/index.php\/2013\/03\/10\/en-gammal-favorit-som-gor-mig-glad-an-idag\/","url_meta":{"origin":4299,"position":1},"title":"En gammal favorit som g\u00f6r mig glad \u00e4n idag","date":"10 mars 2013, 12:18","format":false,"excerpt":"I dessa tider av Melodifestival s\u00e5 fastnar jag, som jag gjort s\u00e5 m\u00e5nga g\u00e5nger tidigare, med att lyssna p\u00e5 gamla favoriter. Just denna \u00e4r Storbritanniens bidrag fr\u00e5n 1992, det \u00e5ret n\u00e4r Sverige anordnade ESC efter Carolas vinst \u00e5ret innan. Denna l\u00e5t var min stora favorit f\u00f6r \u00e5ret, \u00e4ven om jag\u2026","rel":"","context":"I &quot;om vardagen&quot;","img":{"alt_text":"","src":"","width":0,"height":0},"classes":[]},{"id":1538,"url":"http:\/\/hoppfull.nu\/index.php\/2011\/02\/24\/shopping\/","url_meta":{"origin":4299,"position":2},"title":"Shopping","date":"24 februari 2011, 17:25","format":false,"excerpt":"Tittar inte bara p\u00e5 #skidvm, har \u00e4ven hunnit med damma och dammsugit. Och s\u00e5 lyckades jag klicka hem n\u00e5gra b\u00f6cker ocks\u00e5 och inte var det kursb\u00f6cker utan sk\u00f6nlitteratur - m\u00e5ste ha lite s\u00e5nt och l\u00e4sa ocks\u00e5 emellan\u00e5t. Sk\u00f6nlitter\u00e4ra b\u00f6cker brukar vara lite l\u00e4ttare att l\u00e4sa i badet \u00e4n de tegelstenar\u2026","rel":"","context":"I &quot;om vardagen&quot;","img":{"alt_text":"","src":"https:\/\/i1.wp.com\/hoppfull.nu\/wp-content\/uploads\/2011\/02\/wpid-IMAG02591.jpg?resize=350%2C200","width":350,"height":200},"classes":[]},{"id":2691,"url":"http:\/\/hoppfull.nu\/index.php\/2013\/03\/12\/den-dar-svackan\/","url_meta":{"origin":4299,"position":3},"title":"Den d\u00e4r svackan","date":"12 mars 2013, 23:01","format":false,"excerpt":"F\u00f6rra veckan skrev jag att jag hamnat i en svacka n\u00e4r det kom till matlagning. Jag hade hoppats att den skulle ha gett med sig till denna vecka men s\u00e5 har inte varit fallet, den har snarare f\u00f6rdjupats. El\u00e4ndet b\u00f6rjade ju ig\u00e5r och jag hade p\u00e5 k\u00e4nn redan f\u00f6rra veckan\u2026","rel":"","context":"I &quot;om maten&quot;","img":{"alt_text":"","src":"","width":0,"height":0},"classes":[]},{"id":672,"url":"http:\/\/hoppfull.nu\/index.php\/2009\/08\/23\/om-allt-och-inget-och-lite-till\/","url_meta":{"origin":4299,"position":4},"title":"Om allt och inget och lite till","date":"23 augusti 2009, 22:58","format":false,"excerpt":"S\u00f6ndagen och helgen \u00e4r \u00f6ver f\u00f6r denna g\u00e5ng, som vanligt gick det alldeles f\u00f6r snabbt. Har varit en bra helg, faktiskt. Inte f\u00f6r att jag gjort n\u00e5got speciellt eller hade n\u00e5gra planer. S\u00e5 ofta f\u00e5r jag fr\u00e5gan om vad jag har planerat n\u00e4r jag ska vara ledig ett par dagar,\u2026","rel":"","context":"I &quot;om vardagen&quot;","img":{"alt_text":"","src":"https:\/\/i2.wp.com\/hoppfull.nu\/wp-content\/uploads\/2009\/08\/090823.jpg?resize=350%2C200","width":350,"height":200},"classes":[]},{"id":4914,"url":"http:\/\/hoppfull.nu\/index.php\/2017\/04\/20\/10-ar-pa-twitter-idag\/","url_meta":{"origin":4299,"position":5},"title":"10 \u00e5r p\u00e5 Twitter idag!","date":"20 april 2017, 21:45","format":false,"excerpt":"10 \u00e5r, var har tiden tagit v\u00e4gen? Jag var ju ung n\u00e4r jag b\u00f6rjade twittra, inte f\u00f6r att jag \u00e4r s\u00e5 gammal nu men \u00e4nd\u00e5. Under \u00e5ren har jag skrivit 20529 tweets (i denna stund) och de \u00e4r ingen h\u00f6g siffra p\u00e5 n\u00e5got vis, de finns m\u00e5nga som skriver den\u2026","rel":"","context":"I &quot;om vardagen&quot;","img":{"alt_text":"","src":"","width":0,"height":0},"classes":[]}],"jetpack_likes_enabled":true,"_links":{"self":[{"href":"http:\/\/hoppfull.nu\/index.php\/wp-json\/wp\/v2\/posts\/4299"}],"collection":[{"href":"http:\/\/hoppfull.nu\/index.php\/wp-json\/wp\/v2\/posts"}],"about":[{"href":"http:\/\/hoppfull.nu\/index.php\/wp-json\/wp\/v2\/types\/post"}],"author":[{"embeddable":true,"href":"http:\/\/hoppfull.nu\/index.php\/wp-json\/wp\/v2\/users\/1"}],"replies":[{"embeddable":true,"href":"http:\/\/hoppfull.nu\/index.php\/wp-json\/wp\/v2\/comments?post=4299"}],"version-history":[{"count":3,"href":"http:\/\/hoppfull.nu\/index.php\/wp-json\/wp\/v2\/posts\/4299\/revisions"}],"predecessor-version":[{"id":4302,"href":"http:\/\/hoppfull.nu\/index.php\/wp-json\/wp\/v2\/posts\/4299\/revisions\/4302"}],"wp:attachment":[{"href":"http:\/\/hoppfull.nu\/index.php\/wp-json\/wp\/v2\/media?parent=4299"}],"wp:term":[{"taxonomy":"category","embeddable":true,"href":"http:\/\/hoppfull.nu\/index.php\/wp-json\/wp\/v2\/categories?post=4299"},{"taxonomy":"post_tag","embeddable":true,"href":"http:\/\/hoppfull.nu\/index.php\/wp-json\/wp\/v2\/tags?post=4299"}],"curies":[{"name":"wp","href":"https:\/\/api.w.org\/{rel}","templated":true}]}}