{"id":3762,"date":"2015-04-04T13:44:13","date_gmt":"2015-04-04T12:44:13","guid":{"rendered":"http:\/\/hoppfull.nu\/?p=3762"},"modified":"2015-04-04T13:44:13","modified_gmt":"2015-04-04T12:44:13","slug":"stralande-sol","status":"publish","type":"post","link":"http:\/\/hoppfull.nu\/index.php\/2015\/04\/04\/stralande-sol\/","title":{"rendered":"Str\u00e5lande sol"},"content":{"rendered":"<p>Solen str\u00e5lar denna p\u00e5skafton och p\u00e5 min balkong \u00e4r temperaturen nu 14 grader. Jag f\u00f6redrar ju vinter och kyla men kan \u00e4nd\u00e5 tycka det \u00e4r lite sk\u00f6nt en dag som denna. N\u00e5gra fler grader f\u00e5r det bli men sen blir det f\u00f6r varmt. N\u00e5gra bilder p\u00e5 balkongen kommer sen n\u00e4r m\u00f6blemanget \u00e4r p\u00e5 plats, blommor \u00e4r det lite f\u00f6r tidigt f\u00f6r \u00e4n eftersom det \u00e4r minusgrader h\u00e4r p\u00e5 natten.<\/p>\n<p>P\u00e5 tal om v\u00e5r s\u00e5 b\u00f6rjar det nog bli dags att skrota vintertemat p\u00e5 bloggen ocks\u00e5, m\u00e5ste bara ta lite nya fotografier.<\/p>\n<p><small>\u203a\u203a 35\/100 #blogg100<\/small><\/p>\n<div class=\"sharedaddy sd-sharing-enabled\"><div class=\"robots-nocontent sd-block sd-social sd-social-icon sd-sharing\"><h3 class=\"sd-title\">Dela:<\/h3><div class=\"sd-content\"><ul><li class=\"share-twitter\"><a rel=\"nofollow noopener noreferrer\" data-shared=\"sharing-twitter-3762\" class=\"share-twitter sd-button share-icon no-text\" href=\"http:\/\/hoppfull.nu\/index.php\/2015\/04\/04\/stralande-sol\/?share=twitter\" target=\"_blank\" title=\"Klicka f\u00f6r att dela p\u00e5 Twitter\"><span><\/span><span class=\"sharing-screen-reader-text\">Klicka f\u00f6r att dela p\u00e5 Twitter (\u00d6ppnas i ett nytt f\u00f6nster)<\/span><\/a><\/li><li class=\"share-print\"><a rel=\"nofollow noopener noreferrer\" data-shared=\"\" class=\"share-print sd-button share-icon no-text\" href=\"http:\/\/hoppfull.nu\/index.php\/2015\/04\/04\/stralande-sol\/\" target=\"_blank\" title=\"Klicka f\u00f6r utskrift\"><span><\/span><span class=\"sharing-screen-reader-text\">Klicka f\u00f6r utskrift (\u00d6ppnas i ett nytt f\u00f6nster)<\/span><\/a><\/li><li class=\"share-pinterest\"><a rel=\"nofollow noopener noreferrer\" data-shared=\"sharing-pinterest-3762\" class=\"share-pinterest sd-button share-icon no-text\" href=\"http:\/\/hoppfull.nu\/index.php\/2015\/04\/04\/stralande-sol\/?share=pinterest\" target=\"_blank\" title=\"Klicka f\u00f6r att dela till Pinterest\"><span><\/span><span class=\"sharing-screen-reader-text\">Klicka f\u00f6r att dela till Pinterest (\u00d6ppnas i ett nytt f\u00f6nster)<\/span><\/a><\/li><li class=\"share-end\"><\/li><\/ul><\/div><\/div><\/div>","protected":false},"excerpt":{"rendered":"<p class=\"excerpt\">Solen str\u00e5lar denna p\u00e5skafton och p\u00e5 min balkong \u00e4r temperaturen nu 14 grader. Jag f\u00f6redrar ju vinter och kyla men kan \u00e4nd\u00e5 tycka det \u00e4r lite sk\u00f6nt en dag som denna. N\u00e5gra fler grader f\u00e5r det bli men sen blir det f\u00f6r varmt. N\u00e5gra bilder p\u00e5 balkongen kommer sen n\u00e4r m\u00f6blemanget \u00e4r p\u00e5 plats, blommor \u00e4r det lite f\u00f6r tidigt&hellip; <a href=\"http:\/\/hoppfull.nu\/index.php\/2015\/04\/04\/stralande-sol\/\">Read more &rarr;<\/a><\/p>\n<div class=\"sharedaddy sd-sharing-enabled\"><div class=\"robots-nocontent sd-block sd-social sd-social-icon sd-sharing\"><h3 class=\"sd-title\">Dela:<\/h3><div class=\"sd-content\"><ul><li class=\"share-twitter\"><a rel=\"nofollow noopener noreferrer\" data-shared=\"sharing-twitter-3762\" class=\"share-twitter sd-button share-icon no-text\" href=\"http:\/\/hoppfull.nu\/index.php\/2015\/04\/04\/stralande-sol\/?share=twitter\" target=\"_blank\" title=\"Klicka f\u00f6r att dela p\u00e5 Twitter\"><span><\/span><span class=\"sharing-screen-reader-text\">Klicka f\u00f6r att dela p\u00e5 Twitter (\u00d6ppnas i ett nytt f\u00f6nster)<\/span><\/a><\/li><li class=\"share-print\"><a rel=\"nofollow noopener noreferrer\" data-shared=\"\" class=\"share-print sd-button share-icon no-text\" href=\"http:\/\/hoppfull.nu\/index.php\/2015\/04\/04\/stralande-sol\/\" target=\"_blank\" title=\"Klicka f\u00f6r utskrift\"><span><\/span><span class=\"sharing-screen-reader-text\">Klicka f\u00f6r utskrift (\u00d6ppnas i ett nytt f\u00f6nster)<\/span><\/a><\/li><li class=\"share-pinterest\"><a rel=\"nofollow noopener noreferrer\" data-shared=\"sharing-pinterest-3762\" class=\"share-pinterest sd-button share-icon no-text\" href=\"http:\/\/hoppfull.nu\/index.php\/2015\/04\/04\/stralande-sol\/?share=pinterest\" target=\"_blank\" title=\"Klicka f\u00f6r att dela till Pinterest\"><span><\/span><span class=\"sharing-screen-reader-text\">Klicka f\u00f6r att dela till Pinterest (\u00d6ppnas i ett nytt f\u00f6nster)<\/span><\/a><\/li><li class=\"share-end\"><\/li><\/ul><\/div><\/div><\/div>","protected":false},"author":1,"featured_media":0,"comment_status":"open","ping_status":"open","sticky":false,"template":"","format":"standard","meta":{"spay_email":"","jetpack_publicize_message":"Str\u00e5lande sol #blogg100","jetpack_is_tweetstorm":false},"categories":[1],"tags":[359,152,512,513],"jetpack_featured_media_url":"","jetpack_publicize_connections":[],"jetpack_sharing_enabled":true,"jetpack_shortlink":"https:\/\/wp.me\/p23rAr-YG","jetpack-related-posts":[{"id":4417,"url":"http:\/\/hoppfull.nu\/index.php\/2016\/05\/15\/det-ar-sondag-eller-om-allt-och-inget-och-lite-till\/","url_meta":{"origin":3762,"position":0},"title":"Det \u00e4r s\u00f6ndag eller om allt och inget och lite till","date":"15 maj 2016, 22:01","format":false,"excerpt":"Har visst gl\u00f6mt bort att ber\u00e4tta att jag f\u00f6rra helgen slutf\u00f6rde cykeldelen i ICA-klassiskern. 30 mil p\u00e5 cykel och spinningcykel var inte s\u00e5 sv\u00e5rt att att f\u00e5 till, speciellt inte n\u00e4r jag tr\u00e4nar f\u00f6r den riktiga V\u00e4tternrundan. N\u00e5 v\u00e4l, det d\u00e4r ska nog bli bra. S\u00f6ndag. Veckans sista dag. Planen\u2026","rel":"","context":"I &quot;om tr\u00e4ningen&quot;","img":{"alt_text":"","src":"https:\/\/i1.wp.com\/hoppfull.nu\/wp-content\/uploads\/2016\/05\/icaklassikern-300x277.png?resize=350%2C200","width":350,"height":200},"classes":[]},{"id":3665,"url":"http:\/\/hoppfull.nu\/index.php\/2015\/03\/06\/lediga-dagar\/","url_meta":{"origin":3762,"position":1},"title":"Lediga dagar","date":"06 mars 2015, 22:53","format":false,"excerpt":"Lediga dagar, l\u00e5ngledig - s\u00e5 sk\u00f6nt. Eftersom jag sedan i februari har b\u00f6rjat g\u00e5 p\u00e5 schema och \u00e4ntligen jobbar lite jourtid igen s\u00e5 inneb\u00e4r det ocks\u00e5 att jag f\u00e5r lite ledigt p\u00e5 vardagar ibland. Och var tolfte vecka \u00e4r jag ledig i fem dagar. Inf\u00f6r denna ledighet har jag inget\u2026","rel":"","context":"I &quot;om vardagen&quot;","img":{"alt_text":"","src":"","width":0,"height":0},"classes":[]},{"id":672,"url":"http:\/\/hoppfull.nu\/index.php\/2009\/08\/23\/om-allt-och-inget-och-lite-till\/","url_meta":{"origin":3762,"position":2},"title":"Om allt och inget och lite till","date":"23 augusti 2009, 22:58","format":false,"excerpt":"S\u00f6ndagen och helgen \u00e4r \u00f6ver f\u00f6r denna g\u00e5ng, som vanligt gick det alldeles f\u00f6r snabbt. Har varit en bra helg, faktiskt. Inte f\u00f6r att jag gjort n\u00e5got speciellt eller hade n\u00e5gra planer. S\u00e5 ofta f\u00e5r jag fr\u00e5gan om vad jag har planerat n\u00e4r jag ska vara ledig ett par dagar,\u2026","rel":"","context":"I &quot;om vardagen&quot;","img":{"alt_text":"","src":"https:\/\/i2.wp.com\/hoppfull.nu\/wp-content\/uploads\/2009\/08\/090823.jpg?resize=350%2C200","width":350,"height":200},"classes":[]},{"id":3105,"url":"http:\/\/hoppfull.nu\/index.php\/2013\/08\/20\/midnattsloppet-2013\/","url_meta":{"origin":3762,"position":3},"title":"Midnattsloppet 2013","date":"20 augusti 2013, 01:43","format":false,"excerpt":"Nu n\u00e4r det har g\u00e5tt n\u00e5gra dagar sedan loppet t\u00e4nkte jag ta och sammanfatta mina tankar och upplevelser fr\u00e5n mitt andra Midnattslopp. Har ju sprungit en del lopp vid det h\u00e4r laget och Midnattsloppet har kommit att bli min favorit, l\u00f6rdagens lopp var toppen...om man bortser fr\u00e5n att jag snubblade\u2026","rel":"","context":"I &quot;om l\u00f6pningen&quot;","img":{"alt_text":"","src":"","width":0,"height":0},"classes":[]},{"id":383,"url":"http:\/\/hoppfull.nu\/index.php\/2009\/06\/23\/badat\/","url_meta":{"origin":3762,"position":4},"title":"Badat","date":"23 juni 2009, 16:05","format":false,"excerpt":"Solen skiner och enligt v\u00e4dertj\u00e4nsten i min iPhone s\u00e5 \u00e4r det 25 grader varmt, vilket jag tror st\u00e4mmer. \u00c4r nere vid badet och ligger och myser p\u00e5 en filt i solen. Det enda molnet p\u00e5 himlen \u00e4r att jag \u00e4r h\u00e4r ensam och det \u00e4r v\u00e4l egentligen inget problem. Men\u2026","rel":"","context":"I &quot;moblog&quot;","img":{"alt_text":"","src":"","width":0,"height":0},"classes":[]},{"id":3350,"url":"http:\/\/hoppfull.nu\/index.php\/2014\/04\/08\/tiden-rinner-ivag\/","url_meta":{"origin":3762,"position":5},"title":"Tiden rinner iv\u00e4g...","date":"08 april 2014, 22:57","format":false,"excerpt":"...n\u00e4r man shoppar cykel och cykeltillbeh\u00f6r, h\u00f6ll n\u00e4stan p\u00e5 att missa att skriva n\u00e5gra rader h\u00e4r. Hur som helst, cykel \u00e4r best\u00e4lld och jag hoppas f\u00e5 h\u00e4mta den om n\u00e5gra dagar. Sp\u00e4nnande! Sen beh\u00f6ver man ju lite annat ocks\u00e5 och det \u00e4r l\u00e4tt att vilja ha allt och jag har\u2026","rel":"","context":"I &quot;om cyklingen&quot;","img":{"alt_text":"","src":"","width":0,"height":0},"classes":[]}],"jetpack_likes_enabled":true,"_links":{"self":[{"href":"http:\/\/hoppfull.nu\/index.php\/wp-json\/wp\/v2\/posts\/3762"}],"collection":[{"href":"http:\/\/hoppfull.nu\/index.php\/wp-json\/wp\/v2\/posts"}],"about":[{"href":"http:\/\/hoppfull.nu\/index.php\/wp-json\/wp\/v2\/types\/post"}],"author":[{"embeddable":true,"href":"http:\/\/hoppfull.nu\/index.php\/wp-json\/wp\/v2\/users\/1"}],"replies":[{"embeddable":true,"href":"http:\/\/hoppfull.nu\/index.php\/wp-json\/wp\/v2\/comments?post=3762"}],"version-history":[{"count":1,"href":"http:\/\/hoppfull.nu\/index.php\/wp-json\/wp\/v2\/posts\/3762\/revisions"}],"predecessor-version":[{"id":3763,"href":"http:\/\/hoppfull.nu\/index.php\/wp-json\/wp\/v2\/posts\/3762\/revisions\/3763"}],"wp:attachment":[{"href":"http:\/\/hoppfull.nu\/index.php\/wp-json\/wp\/v2\/media?parent=3762"}],"wp:term":[{"taxonomy":"category","embeddable":true,"href":"http:\/\/hoppfull.nu\/index.php\/wp-json\/wp\/v2\/categories?post=3762"},{"taxonomy":"post_tag","embeddable":true,"href":"http:\/\/hoppfull.nu\/index.php\/wp-json\/wp\/v2\/tags?post=3762"}],"curies":[{"name":"wp","href":"https:\/\/api.w.org\/{rel}","templated":true}]}}